{"id":54056,"date":"2023-06-11T22:50:08","date_gmt":"2023-06-11T22:50:08","guid":{"rendered":"http:\/\/elterritorialweb.com.ar\/web\/?p=54056"},"modified":"2023-06-11T22:50:11","modified_gmt":"2023-06-11T22:50:11","slug":"avanza-la-contruccion-del-jardin-municipal-n-14-de-la-banda","status":"publish","type":"post","link":"https:\/\/elterritorialweb.com.ar\/web\/avanza-la-contruccion-del-jardin-municipal-n-14-de-la-banda\/","title":{"rendered":"AVANZA LA CONTRUCCI\u00d3N DEL JARD\u00cdN MUNICIPAL N\u00b0 14 DE LA BANDA"},"content":{"rendered":"\n<p>En este sentido, el jefe comunal estuvo acompa\u00f1ado por el presidente del Club, Pablo Rojo; la secretaria de Gobierno, Victoria Torres; la subsecretaria de Educaci\u00f3n y Cultura, Alejandra Far\u00edas; el secretario de Obras P\u00fablicas, Cristian Alzamora; el secretario de Servicios P\u00fablicos, Cristian Mendoza; subsecretaria de Desarrollo Urbano, Gabriela Coronel y la diputada Provincial, Mariana Morales.<br>En la oportunidad, Nediani coment\u00f3 que esta obra es \u201cmuy significativa para la educaci\u00f3n y la cultura de la ciudad\u201d, asimismo destac\u00f3 la importancia de fortalecer la educaci\u00f3n como pol\u00edtica de Estado Municipal y colaborar con diferentes instituciones para el desarrollo de la ciudad.<br>Adem\u00e1s,\u00a0 el mandatario expres\u00f3: \u201cAnteriormente este jard\u00edn estaba enclavado en el barrio Sarmiento, precisamente, hoy en el club se est\u00e1 construyendo la nueva instituci\u00f3n, as\u00ed que muy contento por el avance de obra, la idea de la Secretar\u00eda de Gobierno, de la Secretar\u00eda de Educaci\u00f3n y Cultura es que el jard\u00edn, a partir del segundo semestre, ya los alumnos y los docentes puedan concurrir, as\u00ed que el agradecimiento al presidente del club por esta posibilidad que nos da de poder construir una instituci\u00f3n educativa aqu\u00ed en este emblema de nuestra ciudad, porque este va a ser un espacio no solamente deportivo, como ya lo es hoy, sino tambi\u00e9n que tiene que ver con la cultura, como todos sabemos\u201d.<br>\u201cAvanzando y trabajando, como siempre, lo hemos dicho desde la gesti\u00f3n. Este, fortalecimiento de vinculo, municipio como instituci\u00f3n, con los clubs de nuestra ciudad, habla a las claras tambi\u00e9n de la gesti\u00f3n, el esfuerzo que hace el municipio y, sobre todo, concentrando en las \u00e1reas m\u00e1s importantes, como es en este caso la educaci\u00f3n. Siempre hemos dicho que la Educaci\u00f3n tiene que ser pilar fundamental y es lo que queremos nosotros como gesti\u00f3n en general, siempre destacando los v\u00ednculos que debemos tener con diferentes instituciones y con diferentes organismos provinciales, nacionales, instituciones deportivas, seguir trabajando juntos, porque entendemos que todos somos actores sociales y entre todos tenemos que aportar para el desarrollo y el crecimiento de la ciudad de la banda\u201d, finaliz\u00f3 Nediani.<\/p>\n","protected":false},"excerpt":{"rendered":"<p>El intendente de la ciudad de La Banda, Roger Nediani visit\u00f3 la avanzada obra de construcci\u00f3n del nuevo jard\u00edn N\u00b014 \u2018Duendecitos\u2019 que se encuentra en inmediaciones del Club Sarmiento.<\/p>\n","protected":false},"author":2,"featured_media":54057,"comment_status":"open","ping_status":"open","sticky":false,"template":"","format":"standard","meta":{"om_disable_all_campaigns":false,"_monsterinsights_skip_tracking":false,"_monsterinsights_sitenote_active":false,"_monsterinsights_sitenote_note":"","_monsterinsights_sitenote_category":0,"_uf_show_specific_survey":0,"_uf_disable_surveys":false,"jetpack_post_was_ever_published":false,"_jetpack_newsletter_access":"","_jetpack_dont_email_post_to_subs":false,"_jetpack_newsletter_tier_id":0,"_jetpack_memberships_contains_paywalled_content":false,"_jetpack_memberships_contains_paid_content":false,"footnotes":"","jetpack_publicize_message":"","jetpack_publicize_feature_enabled":true,"jetpack_social_post_already_shared":true,"jetpack_social_options":{"image_generator_settings":{"template":"highway","default_image_id":0,"font":"","enabled":false},"version":2}},"categories":[9,19],"tags":[71,51],"class_list":["post-54056","post","type-post","status-publish","format-standard","has-post-thumbnail","hentry","category-banda","category-educacion","tag-municipalidad-de-la-banda","tag-roger-nediani"],"aioseo_notices":[],"views":15,"jetpack_publicize_connections":[],"jetpack_featured_media_url":"https:\/\/i0.wp.com\/elterritorialweb.com.ar\/web\/wp-content\/uploads\/2023\/06\/WhatsApp-Image-2023-06-11-at-13.26.40.jpeg?fit=1153%2C692&ssl=1","jetpack_sharing_enabled":true,"_links":{"self":[{"href":"https:\/\/elterritorialweb.com.ar\/web\/wp-json\/wp\/v2\/posts\/54056","targetHints":{"allow":["GET"]}}],"collection":[{"href":"https:\/\/elterritorialweb.com.ar\/web\/wp-json\/wp\/v2\/posts"}],"about":[{"href":"https:\/\/elterritorialweb.com.ar\/web\/wp-json\/wp\/v2\/types\/post"}],"author":[{"embeddable":true,"href":"https:\/\/elterritorialweb.com.ar\/web\/wp-json\/wp\/v2\/users\/2"}],"replies":[{"embeddable":true,"href":"https:\/\/elterritorialweb.com.ar\/web\/wp-json\/wp\/v2\/comments?post=54056"}],"version-history":[{"count":1,"href":"https:\/\/elterritorialweb.com.ar\/web\/wp-json\/wp\/v2\/posts\/54056\/revisions"}],"predecessor-version":[{"id":54058,"href":"https:\/\/elterritorialweb.com.ar\/web\/wp-json\/wp\/v2\/posts\/54056\/revisions\/54058"}],"wp:featuredmedia":[{"embeddable":true,"href":"https:\/\/elterritorialweb.com.ar\/web\/wp-json\/wp\/v2\/media\/54057"}],"wp:attachment":[{"href":"https:\/\/elterritorialweb.com.ar\/web\/wp-json\/wp\/v2\/media?parent=54056"}],"wp:term":[{"taxonomy":"category","embeddable":true,"href":"https:\/\/elterritorialweb.com.ar\/web\/wp-json\/wp\/v2\/categories?post=54056"},{"taxonomy":"post_tag","embeddable":true,"href":"https:\/\/elterritorialweb.com.ar\/web\/wp-json\/wp\/v2\/tags?post=54056"}],"curies":[{"name":"wp","href":"https:\/\/api.w.org\/{rel}","templated":true}]}}