{"id":54064,"date":"2023-06-12T02:02:02","date_gmt":"2023-06-12T02:02:02","guid":{"rendered":"http:\/\/elterritorialweb.com.ar\/web\/?p=54064"},"modified":"2023-06-12T02:03:34","modified_gmt":"2023-06-12T02:03:34","slug":"el-autodromo-de-las-termas-celebro-sus-15-anos-con-lo-mejor-de-la-capicor","status":"publish","type":"post","link":"https:\/\/elterritorialweb.com.ar\/web\/el-autodromo-de-las-termas-celebro-sus-15-anos-con-lo-mejor-de-la-capicor\/","title":{"rendered":"EL AUT\u00d3DROMO DE LAS TERMAS CELEBR\u00d3 SUS 15 A\u00d1OS CON LO MEJOR DE LA CAPICOR"},"content":{"rendered":"\n<p>En Turismo Promocional, el primer lugar fue para Diego Meroli; el segundo para Javier Meroli y el tercer puesto para Leonardo Bonino.<br>En la F\u00f3rmula 3, la primera posici\u00f3n fue para Mart\u00edn Aimar, la segunda para Luciano Pacciarino y en la tercera para Esteban Garc\u00eda.<\/p>\n\n\n\n<figure class=\"wp-block-image size-large\"><a href=\"https:\/\/i0.wp.com\/elterritorialweb.com.ar\/web\/wp-content\/uploads\/2023\/06\/WhatsApp-Image-2023-06-11-at-20.01.35-1.jpeg\"><img data-recalc-dims=\"1\" decoding=\"async\" width=\"640\" height=\"343\" data-src=\"https:\/\/i0.wp.com\/elterritorialweb.com.ar\/web\/wp-content\/uploads\/2023\/06\/WhatsApp-Image-2023-06-11-at-20.01.35-1.jpeg?resize=640%2C343\" alt=\"\" class=\"wp-image-54065 lazyload\" data-srcset=\"https:\/\/i0.wp.com\/elterritorialweb.com.ar\/web\/wp-content\/uploads\/2023\/06\/WhatsApp-Image-2023-06-11-at-20.01.35-1.jpeg?resize=1024%2C549&amp;ssl=1 1024w, https:\/\/i0.wp.com\/elterritorialweb.com.ar\/web\/wp-content\/uploads\/2023\/06\/WhatsApp-Image-2023-06-11-at-20.01.35-1.jpeg?resize=300%2C161&amp;ssl=1 300w, https:\/\/i0.wp.com\/elterritorialweb.com.ar\/web\/wp-content\/uploads\/2023\/06\/WhatsApp-Image-2023-06-11-at-20.01.35-1.jpeg?resize=768%2C412&amp;ssl=1 768w, https:\/\/i0.wp.com\/elterritorialweb.com.ar\/web\/wp-content\/uploads\/2023\/06\/WhatsApp-Image-2023-06-11-at-20.01.35-1.jpeg?w=1280&amp;ssl=1 1280w\" data-sizes=\"(max-width: 640px) 100vw, 640px\" src=\"data:image\/svg+xml;base64,PHN2ZyB3aWR0aD0iMSIgaGVpZ2h0PSIxIiB4bWxucz0iaHR0cDovL3d3dy53My5vcmcvMjAwMC9zdmciPjwvc3ZnPg==\" style=\"--smush-placeholder-width: 640px; --smush-placeholder-aspect-ratio: 640\/343;\" \/><\/a><\/figure>\n\n\n\n<p>En Turismo Cordob\u00e9s Hist\u00f3rico, la victoria se llev\u00f3 Mario Serravalle, seguido por Eduardo Bianchini y Roberto Stefanini.<br>En la Clase A, el primer puesto qued\u00f3 para Agust\u00edn Muesa, el segundo para Agust\u00edn Compagnucci y el tercer para Esteban Postay.<\/p>\n\n\n\n<figure class=\"wp-block-image size-large\"><a href=\"https:\/\/i0.wp.com\/elterritorialweb.com.ar\/web\/wp-content\/uploads\/2023\/06\/WhatsApp-Image-2023-06-11-at-20.02.20.jpeg\"><img data-recalc-dims=\"1\" decoding=\"async\" width=\"640\" height=\"427\" data-src=\"https:\/\/i0.wp.com\/elterritorialweb.com.ar\/web\/wp-content\/uploads\/2023\/06\/WhatsApp-Image-2023-06-11-at-20.02.20.jpeg?resize=640%2C427\" alt=\"\" class=\"wp-image-54066 lazyload\" data-srcset=\"https:\/\/i0.wp.com\/elterritorialweb.com.ar\/web\/wp-content\/uploads\/2023\/06\/WhatsApp-Image-2023-06-11-at-20.02.20.jpeg?resize=1024%2C683&amp;ssl=1 1024w, https:\/\/i0.wp.com\/elterritorialweb.com.ar\/web\/wp-content\/uploads\/2023\/06\/WhatsApp-Image-2023-06-11-at-20.02.20.jpeg?resize=300%2C200&amp;ssl=1 300w, https:\/\/i0.wp.com\/elterritorialweb.com.ar\/web\/wp-content\/uploads\/2023\/06\/WhatsApp-Image-2023-06-11-at-20.02.20.jpeg?resize=768%2C512&amp;ssl=1 768w, https:\/\/i0.wp.com\/elterritorialweb.com.ar\/web\/wp-content\/uploads\/2023\/06\/WhatsApp-Image-2023-06-11-at-20.02.20.jpeg?w=1044&amp;ssl=1 1044w\" data-sizes=\"(max-width: 640px) 100vw, 640px\" src=\"data:image\/svg+xml;base64,PHN2ZyB3aWR0aD0iMSIgaGVpZ2h0PSIxIiB4bWxucz0iaHR0cDovL3d3dy53My5vcmcvMjAwMC9zdmciPjwvc3ZnPg==\" style=\"--smush-placeholder-width: 640px; --smush-placeholder-aspect-ratio: 640\/427;\" \/><\/a><\/figure>\n\n\n\n<p>En la categor\u00eda Turismo Clase 3 1.6 gan\u00f3 Maximiliano Bustos, escoltado por David Manzur y Adri\u00e1n Cassina.<br>En Monomarca 1.4, el triunfo fue para \u00c1ngel Fern\u00e1ndez, seguido por Nicol\u00e1s del Bianco y Facundo D\u00edaz.<\/p>\n","protected":false},"excerpt":{"rendered":"<p>A 15 a\u00f1os de su inauguraci\u00f3n, el Aut\u00f3dromo Internacional de Las Termas de R\u00edo Hondo fue escenario de la tercera fecha de la Capicor (Categor\u00edas Asociadas de Pistas Cordobesas). <\/p>\n","protected":false},"author":2,"featured_media":54067,"comment_status":"open","ping_status":"open","sticky":false,"template":"","format":"standard","meta":{"om_disable_all_campaigns":false,"_monsterinsights_skip_tracking":false,"_monsterinsights_sitenote_active":false,"_monsterinsights_sitenote_note":"","_monsterinsights_sitenote_category":0,"_uf_show_specific_survey":0,"_uf_disable_surveys":false,"jetpack_post_was_ever_published":false,"_jetpack_newsletter_access":"","_jetpack_dont_email_post_to_subs":false,"_jetpack_newsletter_tier_id":0,"_jetpack_memberships_contains_paywalled_content":false,"_jetpack_memberships_contains_paid_content":false,"footnotes":"","jetpack_publicize_message":"","jetpack_publicize_feature_enabled":true,"jetpack_social_post_already_shared":true,"jetpack_social_options":{"image_generator_settings":{"template":"highway","default_image_id":0,"font":"","enabled":false},"version":2}},"categories":[6,4],"tags":[228],"class_list":["post-54064","post","type-post","status-publish","format-standard","has-post-thumbnail","hentry","category-deportes","category-destacadas","tag-autodromo-internacional-termas-de-rio-hondo"],"aioseo_notices":[],"views":9,"jetpack_publicize_connections":[],"jetpack_featured_media_url":"https:\/\/i0.wp.com\/elterritorialweb.com.ar\/web\/wp-content\/uploads\/2023\/06\/WhatsApp-Image-2023-06-11-at-20.01.35.jpeg?fit=1044%2C696&ssl=1","jetpack_sharing_enabled":true,"_links":{"self":[{"href":"https:\/\/elterritorialweb.com.ar\/web\/wp-json\/wp\/v2\/posts\/54064","targetHints":{"allow":["GET"]}}],"collection":[{"href":"https:\/\/elterritorialweb.com.ar\/web\/wp-json\/wp\/v2\/posts"}],"about":[{"href":"https:\/\/elterritorialweb.com.ar\/web\/wp-json\/wp\/v2\/types\/post"}],"author":[{"embeddable":true,"href":"https:\/\/elterritorialweb.com.ar\/web\/wp-json\/wp\/v2\/users\/2"}],"replies":[{"embeddable":true,"href":"https:\/\/elterritorialweb.com.ar\/web\/wp-json\/wp\/v2\/comments?post=54064"}],"version-history":[{"count":1,"href":"https:\/\/elterritorialweb.com.ar\/web\/wp-json\/wp\/v2\/posts\/54064\/revisions"}],"predecessor-version":[{"id":54068,"href":"https:\/\/elterritorialweb.com.ar\/web\/wp-json\/wp\/v2\/posts\/54064\/revisions\/54068"}],"wp:featuredmedia":[{"embeddable":true,"href":"https:\/\/elterritorialweb.com.ar\/web\/wp-json\/wp\/v2\/media\/54067"}],"wp:attachment":[{"href":"https:\/\/elterritorialweb.com.ar\/web\/wp-json\/wp\/v2\/media?parent=54064"}],"wp:term":[{"taxonomy":"category","embeddable":true,"href":"https:\/\/elterritorialweb.com.ar\/web\/wp-json\/wp\/v2\/categories?post=54064"},{"taxonomy":"post_tag","embeddable":true,"href":"https:\/\/elterritorialweb.com.ar\/web\/wp-json\/wp\/v2\/tags?post=54064"}],"curies":[{"name":"wp","href":"https:\/\/api.w.org\/{rel}","templated":true}]}}