{"id":54084,"date":"2023-06-12T19:01:23","date_gmt":"2023-06-12T19:01:23","guid":{"rendered":"http:\/\/elterritorialweb.com.ar\/web\/?p=54084"},"modified":"2023-06-12T19:01:28","modified_gmt":"2023-06-12T19:01:28","slug":"zamora-y-vizzotti-presidieron-el-acto-de-apertura-del-consejo-regional-de-salud-del-noa","status":"publish","type":"post","link":"https:\/\/elterritorialweb.com.ar\/web\/zamora-y-vizzotti-presidieron-el-acto-de-apertura-del-consejo-regional-de-salud-del-noa\/","title":{"rendered":"ZAMORA Y VIZZOTTI PRESIDIERON EL ACTO DE APERTURA DEL CONSEJO REGIONAL DE SALUD DEL NOA"},"content":{"rendered":"\n<p>Tambi\u00e9n estuvieron el vicegobernador Carlos Silva Neder; la ministra de Salud de la provincia, Natividad Nassif; el secretario de Equidad en Salud, V\u00edctor Urbani, y el subsecretario de Integraci\u00f3n de los Sistemas, Fabi\u00e1n Puratich. Adem\u00e1s de funcionarios del \u00e1rea de Salud de Jujuy, Tucum\u00e1n, La Rioja y Catamarca y representantes de las obras sociales del NOA.<br>En este contexto se llev\u00f3 a cabo la firma de un convenio marco de asistencia y cooperaci\u00f3n rec\u00edproca entre los ministerios de Producci\u00f3n y de Salud, representados por Miguel Mandrille y Natividad Nassif, respectivamente, donde las partes se comprometen a impulsar pr\u00e1cticas ciudadanas sustentables y ambientales que permitan preparar los sistemas de salud a trav\u00e9s de alertas tempranas, con planificaci\u00f3n, implementando medidas de prevenci\u00f3n y adaptaci\u00f3n, y tambi\u00e9n a trav\u00e9s de la reducci\u00f3n de las emisiones de gases de efecto invernadero dentro del sector salud.<br>Asimismo, se implementar\u00e1n acciones tendientes a prevenir y mitigar las problem\u00e1ticas ambientales mediante la articulaci\u00f3n institucional de entes p\u00fablicos y\/o privados, e instituciones intermedias involucradas con el ambiente, la ecolog\u00eda y el desarrollo sostenible.<\/p>\n\n\n\n<figure class=\"wp-block-image size-large\"><a href=\"https:\/\/i0.wp.com\/elterritorialweb.com.ar\/web\/wp-content\/uploads\/2023\/06\/WhatsApp-Image-2023-06-12-at-13.43.51-1.jpeg\"><img data-recalc-dims=\"1\" decoding=\"async\" width=\"640\" height=\"427\" data-src=\"https:\/\/i0.wp.com\/elterritorialweb.com.ar\/web\/wp-content\/uploads\/2023\/06\/WhatsApp-Image-2023-06-12-at-13.43.51-1.jpeg?resize=640%2C427\" alt=\"\" class=\"wp-image-54086 lazyload\" data-srcset=\"https:\/\/i0.wp.com\/elterritorialweb.com.ar\/web\/wp-content\/uploads\/2023\/06\/WhatsApp-Image-2023-06-12-at-13.43.51-1.jpeg?resize=1024%2C683&amp;ssl=1 1024w, https:\/\/i0.wp.com\/elterritorialweb.com.ar\/web\/wp-content\/uploads\/2023\/06\/WhatsApp-Image-2023-06-12-at-13.43.51-1.jpeg?resize=300%2C200&amp;ssl=1 300w, https:\/\/i0.wp.com\/elterritorialweb.com.ar\/web\/wp-content\/uploads\/2023\/06\/WhatsApp-Image-2023-06-12-at-13.43.51-1.jpeg?resize=768%2C512&amp;ssl=1 768w, https:\/\/i0.wp.com\/elterritorialweb.com.ar\/web\/wp-content\/uploads\/2023\/06\/WhatsApp-Image-2023-06-12-at-13.43.51-1.jpeg?resize=1536%2C1024&amp;ssl=1 1536w, https:\/\/i0.wp.com\/elterritorialweb.com.ar\/web\/wp-content\/uploads\/2023\/06\/WhatsApp-Image-2023-06-12-at-13.43.51-1.jpeg?w=1599&amp;ssl=1 1599w, https:\/\/i0.wp.com\/elterritorialweb.com.ar\/web\/wp-content\/uploads\/2023\/06\/WhatsApp-Image-2023-06-12-at-13.43.51-1.jpeg?w=1280 1280w\" data-sizes=\"(max-width: 640px) 100vw, 640px\" src=\"data:image\/svg+xml;base64,PHN2ZyB3aWR0aD0iMSIgaGVpZ2h0PSIxIiB4bWxucz0iaHR0cDovL3d3dy53My5vcmcvMjAwMC9zdmciPjwvc3ZnPg==\" style=\"--smush-placeholder-width: 640px; --smush-placeholder-aspect-ratio: 640\/427;\" \/><\/a><\/figure>\n\n\n\n<p>Las palabras de bienvenida estuvieron a cargo de Nassif, quien destac\u00f3 la importancia de la reuni\u00f3n del Consejo Regional de Salud del NOA, \u201clos encuentros como este nos ayudan a todos a reflexionar y compartir experiencias, y poder hacer acuerdos que consideremos necesarios para avanzar, en definitiva no es m\u00e1s que poner en acto solidaridad, relacione interinstitucionales y tambi\u00e9n decisi\u00f3n de poder colaborar entre todos nosotros\u201d.<br>Asimismo, Nassif subray\u00f3: \u201cEstamos por el mejor camino, la salud es una construcci\u00f3n social y todos tenemos compromisos\u201d, y con respecto al convenio, consider\u00f3 importante el objeto de la cooperaci\u00f3n t\u00e9cnica y rec\u00edproca que se desarrollar\u00e1 dentro de aquellas \u00e1reas que sean de inter\u00e9s com\u00fan.<br>A su turno, Vizzotti dijo que \u00e9ste es un d\u00eda importante en Santiago del Estero al se\u00f1alar: \u201cTenemos a todos los subsectores del sistema de salud, tenemos la seguridad social provincial, la seguridad social nacional, tenemos al Pami, tenemos a las provincias, tenemos al Incluir Salud, tenemos representantes conectados desde el nivel central y referentes de las provincias en cada sector y lo que estamos buscando es ver acciones concretas\u201d.<br>Tambi\u00e9n resalt\u00f3 la presencia del gobernador Zamora, porque \u201cmuestra lo que ya sab\u00edamos, pero lo confirma que es su apoyo, su acompa\u00f1amiento, su prioridad en relaci\u00f3n lo que es la salud en su provincia\u201d.<\/p>\n\n\n\n<figure class=\"wp-block-image size-large\"><a href=\"https:\/\/i0.wp.com\/elterritorialweb.com.ar\/web\/wp-content\/uploads\/2023\/06\/WhatsApp-Image-2023-06-12-at-13.43.51.jpeg\"><img data-recalc-dims=\"1\" decoding=\"async\" width=\"640\" height=\"427\" data-src=\"https:\/\/i0.wp.com\/elterritorialweb.com.ar\/web\/wp-content\/uploads\/2023\/06\/WhatsApp-Image-2023-06-12-at-13.43.51.jpeg?resize=640%2C427\" alt=\"\" class=\"wp-image-54087 lazyload\" data-srcset=\"https:\/\/i0.wp.com\/elterritorialweb.com.ar\/web\/wp-content\/uploads\/2023\/06\/WhatsApp-Image-2023-06-12-at-13.43.51.jpeg?resize=1024%2C683&amp;ssl=1 1024w, https:\/\/i0.wp.com\/elterritorialweb.com.ar\/web\/wp-content\/uploads\/2023\/06\/WhatsApp-Image-2023-06-12-at-13.43.51.jpeg?resize=300%2C200&amp;ssl=1 300w, https:\/\/i0.wp.com\/elterritorialweb.com.ar\/web\/wp-content\/uploads\/2023\/06\/WhatsApp-Image-2023-06-12-at-13.43.51.jpeg?resize=768%2C512&amp;ssl=1 768w, https:\/\/i0.wp.com\/elterritorialweb.com.ar\/web\/wp-content\/uploads\/2023\/06\/WhatsApp-Image-2023-06-12-at-13.43.51.jpeg?resize=1536%2C1024&amp;ssl=1 1536w, https:\/\/i0.wp.com\/elterritorialweb.com.ar\/web\/wp-content\/uploads\/2023\/06\/WhatsApp-Image-2023-06-12-at-13.43.51.jpeg?w=1599&amp;ssl=1 1599w, https:\/\/i0.wp.com\/elterritorialweb.com.ar\/web\/wp-content\/uploads\/2023\/06\/WhatsApp-Image-2023-06-12-at-13.43.51.jpeg?w=1280 1280w\" data-sizes=\"(max-width: 640px) 100vw, 640px\" src=\"data:image\/svg+xml;base64,PHN2ZyB3aWR0aD0iMSIgaGVpZ2h0PSIxIiB4bWxucz0iaHR0cDovL3d3dy53My5vcmcvMjAwMC9zdmciPjwvc3ZnPg==\" style=\"--smush-placeholder-width: 640px; --smush-placeholder-aspect-ratio: 640\/427;\" \/><\/a><\/figure>\n\n\n\n<p>A su turno, el mandatario resalt\u00f3 la importancia del Consejo Regional de Salud del NOA que busca \u201cla mayor integraci\u00f3n del sistema de salud y los avances en la mitigaci\u00f3n del impacto ambiental\u201d.<br>Dijo adem\u00e1s: \u201cLa salud es un deber del Estado, sobre todo cuando hablamos de poblaciones vulnerables, porque se necesitan espacios de di\u00e1logo y consenso y, obviamente, este plenario podr\u00e1 avanzar en este sentido\u201d.<\/p>\n","protected":false},"excerpt":{"rendered":"<p>El gobernador Gerardo Zamora y la ministra de Salud de Naci\u00f3n, Carla Vizzotti, encabezaron este lunes por la ma\u00f1ana de la apertura oficial del Consejo Regional de Salud del NOA (Coresa), en el sal\u00f3n auditorio del Ministerio de Educaci\u00f3n de la provincia.<\/p>\n","protected":false},"author":2,"featured_media":54085,"comment_status":"open","ping_status":"open","sticky":false,"template":"","format":"standard","meta":{"om_disable_all_campaigns":false,"_monsterinsights_skip_tracking":false,"_monsterinsights_sitenote_active":false,"_monsterinsights_sitenote_note":"","_monsterinsights_sitenote_category":0,"_uf_show_specific_survey":0,"_uf_disable_surveys":false,"jetpack_post_was_ever_published":false,"_jetpack_newsletter_access":"","_jetpack_dont_email_post_to_subs":false,"_jetpack_newsletter_tier_id":0,"_jetpack_memberships_contains_paywalled_content":false,"_jetpack_memberships_contains_paid_content":false,"footnotes":"","jetpack_publicize_message":"","jetpack_publicize_feature_enabled":true,"jetpack_social_post_already_shared":true,"jetpack_social_options":{"image_generator_settings":{"template":"highway","default_image_id":0,"font":"","enabled":false},"version":2}},"categories":[4,21],"tags":[238,239,59,49],"class_list":["post-54084","post","type-post","status-publish","format-standard","has-post-thumbnail","hentry","category-destacadas","category-locales","tag-carla-vizzotti","tag-consejo-regional-de-salud-noa","tag-gerardo-zamora","tag-gobierno-de-santiago-del-estero"],"aioseo_notices":[],"views":9,"jetpack_publicize_connections":[],"jetpack_featured_media_url":"https:\/\/i0.wp.com\/elterritorialweb.com.ar\/web\/wp-content\/uploads\/2023\/06\/WhatsApp-Image-2023-06-12-at-13.43.52.jpeg?fit=1599%2C1066&ssl=1","jetpack_sharing_enabled":true,"_links":{"self":[{"href":"https:\/\/elterritorialweb.com.ar\/web\/wp-json\/wp\/v2\/posts\/54084","targetHints":{"allow":["GET"]}}],"collection":[{"href":"https:\/\/elterritorialweb.com.ar\/web\/wp-json\/wp\/v2\/posts"}],"about":[{"href":"https:\/\/elterritorialweb.com.ar\/web\/wp-json\/wp\/v2\/types\/post"}],"author":[{"embeddable":true,"href":"https:\/\/elterritorialweb.com.ar\/web\/wp-json\/wp\/v2\/users\/2"}],"replies":[{"embeddable":true,"href":"https:\/\/elterritorialweb.com.ar\/web\/wp-json\/wp\/v2\/comments?post=54084"}],"version-history":[{"count":1,"href":"https:\/\/elterritorialweb.com.ar\/web\/wp-json\/wp\/v2\/posts\/54084\/revisions"}],"predecessor-version":[{"id":54088,"href":"https:\/\/elterritorialweb.com.ar\/web\/wp-json\/wp\/v2\/posts\/54084\/revisions\/54088"}],"wp:featuredmedia":[{"embeddable":true,"href":"https:\/\/elterritorialweb.com.ar\/web\/wp-json\/wp\/v2\/media\/54085"}],"wp:attachment":[{"href":"https:\/\/elterritorialweb.com.ar\/web\/wp-json\/wp\/v2\/media?parent=54084"}],"wp:term":[{"taxonomy":"category","embeddable":true,"href":"https:\/\/elterritorialweb.com.ar\/web\/wp-json\/wp\/v2\/categories?post=54084"},{"taxonomy":"post_tag","embeddable":true,"href":"https:\/\/elterritorialweb.com.ar\/web\/wp-json\/wp\/v2\/tags?post=54084"}],"curies":[{"name":"wp","href":"https:\/\/api.w.org\/{rel}","templated":true}]}}