{"id":54168,"date":"2023-06-14T00:37:11","date_gmt":"2023-06-14T00:37:11","guid":{"rendered":"http:\/\/elterritorialweb.com.ar\/web\/?p=54168"},"modified":"2023-06-14T00:37:14","modified_gmt":"2023-06-14T00:37:14","slug":"central-cordoba-goleo-a-mitre-y-se-quedo-con-el-clasico-santiagueno","status":"publish","type":"post","link":"https:\/\/elterritorialweb.com.ar\/web\/central-cordoba-goleo-a-mitre-y-se-quedo-con-el-clasico-santiagueno\/","title":{"rendered":"CENTRAL C\u00d3RDOBA GOLE\u00d3 A MITRE Y SE QUED\u00d3 CON EL CL\u00c1SICO SANTIAGUE\u00d1O"},"content":{"rendered":"\n<p>Los goles para el elenco dirigido por Mario Britos, fueron anotados por Lucas Galv\u00e1n, a los 16 minutos del primer tiempo, por Agust\u00edn Sequeira, a los 23 de la primera parte y a los 31 de la segunda, y por Fernando Torres, a los 27 del complemento.<\/p>\n\n\n\n<figure class=\"wp-block-image size-large\"><a href=\"https:\/\/i0.wp.com\/elterritorialweb.com.ar\/web\/wp-content\/uploads\/2023\/06\/WhatsApp-Image-2023-06-13-at-18.02.35.jpeg\"><img data-recalc-dims=\"1\" decoding=\"async\" width=\"640\" height=\"564\" data-src=\"https:\/\/i0.wp.com\/elterritorialweb.com.ar\/web\/wp-content\/uploads\/2023\/06\/WhatsApp-Image-2023-06-13-at-18.02.35.jpeg?resize=640%2C564\" alt=\"\" class=\"wp-image-54170 lazyload\" data-srcset=\"https:\/\/i0.wp.com\/elterritorialweb.com.ar\/web\/wp-content\/uploads\/2023\/06\/WhatsApp-Image-2023-06-13-at-18.02.35.jpeg?resize=1024%2C902&amp;ssl=1 1024w, https:\/\/i0.wp.com\/elterritorialweb.com.ar\/web\/wp-content\/uploads\/2023\/06\/WhatsApp-Image-2023-06-13-at-18.02.35.jpeg?resize=300%2C264&amp;ssl=1 300w, https:\/\/i0.wp.com\/elterritorialweb.com.ar\/web\/wp-content\/uploads\/2023\/06\/WhatsApp-Image-2023-06-13-at-18.02.35.jpeg?resize=768%2C676&amp;ssl=1 768w, https:\/\/i0.wp.com\/elterritorialweb.com.ar\/web\/wp-content\/uploads\/2023\/06\/WhatsApp-Image-2023-06-13-at-18.02.35.jpeg?w=1280&amp;ssl=1 1280w\" data-sizes=\"(max-width: 640px) 100vw, 640px\" src=\"data:image\/svg+xml;base64,PHN2ZyB3aWR0aD0iMSIgaGVpZ2h0PSIxIiB4bWxucz0iaHR0cDovL3d3dy53My5vcmcvMjAwMC9zdmciPjwvc3ZnPg==\" style=\"--smush-placeholder-width: 640px; --smush-placeholder-aspect-ratio: 640\/564;\" \/><\/a><\/figure>\n\n\n\n<p>En el segundo tiempo, a los 21 minutos, el elenco local tuvo la chance de descontar desde un tiro penal, pero Mart\u00edn Gonz\u00e1lez le contuvo el remate a Juan Ignacio L\u00f3pez.<\/p>\n\n\n\n<figure class=\"wp-block-image size-large\"><a href=\"https:\/\/i0.wp.com\/elterritorialweb.com.ar\/web\/wp-content\/uploads\/2023\/06\/WhatsApp-Image-2023-06-13-at-18.02.35-1.jpeg\"><img data-recalc-dims=\"1\" decoding=\"async\" width=\"640\" height=\"426\" data-src=\"https:\/\/i0.wp.com\/elterritorialweb.com.ar\/web\/wp-content\/uploads\/2023\/06\/WhatsApp-Image-2023-06-13-at-18.02.35-1.jpeg?resize=640%2C426\" alt=\"\" class=\"wp-image-54169 lazyload\" data-srcset=\"https:\/\/i0.wp.com\/elterritorialweb.com.ar\/web\/wp-content\/uploads\/2023\/06\/WhatsApp-Image-2023-06-13-at-18.02.35-1.jpeg?resize=1024%2C682&amp;ssl=1 1024w, https:\/\/i0.wp.com\/elterritorialweb.com.ar\/web\/wp-content\/uploads\/2023\/06\/WhatsApp-Image-2023-06-13-at-18.02.35-1.jpeg?resize=300%2C200&amp;ssl=1 300w, https:\/\/i0.wp.com\/elterritorialweb.com.ar\/web\/wp-content\/uploads\/2023\/06\/WhatsApp-Image-2023-06-13-at-18.02.35-1.jpeg?resize=768%2C512&amp;ssl=1 768w, https:\/\/i0.wp.com\/elterritorialweb.com.ar\/web\/wp-content\/uploads\/2023\/06\/WhatsApp-Image-2023-06-13-at-18.02.35-1.jpeg?w=1280&amp;ssl=1 1280w\" data-sizes=\"(max-width: 640px) 100vw, 640px\" src=\"data:image\/svg+xml;base64,PHN2ZyB3aWR0aD0iMSIgaGVpZ2h0PSIxIiB4bWxucz0iaHR0cDovL3d3dy53My5vcmcvMjAwMC9zdmciPjwvc3ZnPg==\" style=\"--smush-placeholder-width: 640px; --smush-placeholder-aspect-ratio: 640\/426;\" \/><\/a><\/figure>\n\n\n\n<p>Con este resultado Central C\u00f3rdoba se acomod\u00f3 en el segundo puesto de la zona Capital con 12 puntos y en la pr\u00f3xima fecha visitar\u00e1 a Estudiantes de Huaico Hondo.<\/p>\n","protected":false},"excerpt":{"rendered":"<p>Central C\u00f3rdoba se qued\u00f3 con una victoria 4-0 sobre Mitre en el partido que cerr\u00f3 la 7\u00aa fecha del Torneo \u201cCampeones del Mundo 2022\u201d que organiza la Liga Santiague\u00f1a de F\u00fatbol, disputado en el estadio Dr. Osvaldo Ju\u00e1rez de La Banda.<\/p>\n","protected":false},"author":2,"featured_media":54171,"comment_status":"open","ping_status":"open","sticky":false,"template":"","format":"standard","meta":{"om_disable_all_campaigns":false,"_monsterinsights_skip_tracking":false,"_monsterinsights_sitenote_active":false,"_monsterinsights_sitenote_note":"","_monsterinsights_sitenote_category":0,"_uf_show_specific_survey":0,"_uf_disable_surveys":false,"jetpack_post_was_ever_published":false,"_jetpack_newsletter_access":"","_jetpack_dont_email_post_to_subs":false,"_jetpack_newsletter_tier_id":0,"_jetpack_memberships_contains_paywalled_content":false,"_jetpack_memberships_contains_paid_content":false,"footnotes":"","jetpack_publicize_message":"","jetpack_publicize_feature_enabled":true,"jetpack_social_post_already_shared":true,"jetpack_social_options":{"image_generator_settings":{"template":"highway","default_image_id":0,"font":"","enabled":false},"version":2}},"categories":[6],"tags":[69,102,183],"class_list":["post-54168","post","type-post","status-publish","format-standard","has-post-thumbnail","hentry","category-deportes","tag-central-cordoba","tag-club-atletico-mitre","tag-liga-santiaguena-de-futbol"],"aioseo_notices":[],"views":14,"jetpack_publicize_connections":[],"jetpack_featured_media_url":"https:\/\/i0.wp.com\/elterritorialweb.com.ar\/web\/wp-content\/uploads\/2023\/06\/WhatsApp-Image-2023-06-13-at-18.02.34.jpeg?fit=1280%2C1082&ssl=1","jetpack_sharing_enabled":true,"_links":{"self":[{"href":"https:\/\/elterritorialweb.com.ar\/web\/wp-json\/wp\/v2\/posts\/54168","targetHints":{"allow":["GET"]}}],"collection":[{"href":"https:\/\/elterritorialweb.com.ar\/web\/wp-json\/wp\/v2\/posts"}],"about":[{"href":"https:\/\/elterritorialweb.com.ar\/web\/wp-json\/wp\/v2\/types\/post"}],"author":[{"embeddable":true,"href":"https:\/\/elterritorialweb.com.ar\/web\/wp-json\/wp\/v2\/users\/2"}],"replies":[{"embeddable":true,"href":"https:\/\/elterritorialweb.com.ar\/web\/wp-json\/wp\/v2\/comments?post=54168"}],"version-history":[{"count":1,"href":"https:\/\/elterritorialweb.com.ar\/web\/wp-json\/wp\/v2\/posts\/54168\/revisions"}],"predecessor-version":[{"id":54172,"href":"https:\/\/elterritorialweb.com.ar\/web\/wp-json\/wp\/v2\/posts\/54168\/revisions\/54172"}],"wp:featuredmedia":[{"embeddable":true,"href":"https:\/\/elterritorialweb.com.ar\/web\/wp-json\/wp\/v2\/media\/54171"}],"wp:attachment":[{"href":"https:\/\/elterritorialweb.com.ar\/web\/wp-json\/wp\/v2\/media?parent=54168"}],"wp:term":[{"taxonomy":"category","embeddable":true,"href":"https:\/\/elterritorialweb.com.ar\/web\/wp-json\/wp\/v2\/categories?post=54168"},{"taxonomy":"post_tag","embeddable":true,"href":"https:\/\/elterritorialweb.com.ar\/web\/wp-json\/wp\/v2\/tags?post=54168"}],"curies":[{"name":"wp","href":"https:\/\/api.w.org\/{rel}","templated":true}]}}