{"id":54178,"date":"2023-06-14T01:43:30","date_gmt":"2023-06-14T01:43:30","guid":{"rendered":"http:\/\/elterritorialweb.com.ar\/web\/?p=54178"},"modified":"2023-06-14T01:43:34","modified_gmt":"2023-06-14T01:43:34","slug":"presentan-el-software-iguales-para-contribuir-en-la-lucha-contra-la-violencia-de-genero","status":"publish","type":"post","link":"https:\/\/elterritorialweb.com.ar\/web\/presentan-el-software-iguales-para-contribuir-en-la-lucha-contra-la-violencia-de-genero\/","title":{"rendered":"PRESENTAN EL SOFTWARE \u00abIGUALES\u00bb PARA CONTRIBUIR EN LA LUCHA CONTRA LA VIOLENCIA DE G\u00c9NERO"},"content":{"rendered":"\n<p>La presentaci\u00f3n se realiz\u00f3 en el Sal\u00f3n Auditorio, a cargo de Mar\u00eda Gabriela Busellini, secretaria judicial, mediadora, socia de la Asociaci\u00f3n de Mujeres Juezas Argentinas, representante de la Rob\u00f3tica de WEF Argentina y miembro de Mujeres L\u00edderes de Am\u00e9rica en Espa\u00f1a.<br>Estuvieron presentes la ministra de Justicia y Derechos Humanos, Matilde O&#8217;Mil; la secretaria de Derechos Humanos, Gabriela \u00c1guila; el presidente del Superior Tribunal de Justicia, Federico L\u00f3pez Alzogaray; el defensor del Ministerio P\u00fablico de la Defensa, Enrique Billaud; el fiscal general Luis De la R\u00faa e invitados especiales.<br>\u00abIguales\u00bb es un software que tiene una aplicaci\u00f3n de inteligencia artificial que permite identificar sesgos de g\u00e9nero, sexismo laboral, diversidad y equidad, para la Justicia y \u00e1reas de g\u00e9nero.<br>En este sentido, la ministra de Justicia dijo: \u00abEl an\u00e1lisis de datos que realiza la inteligencia artificial es de un volumen tan importante, en un tiempo tan r\u00e1pido, un procesamiento de datos que ofrece grandes oportunidades de anticiparnos y predecir, de acuerdo al lenguaje, conductas de riesgo, discursos de odio o situaciones de abuso verbal\u00bb.<\/p>\n\n\n\n<figure class=\"wp-block-image size-large\"><a href=\"https:\/\/i0.wp.com\/elterritorialweb.com.ar\/web\/wp-content\/uploads\/2023\/06\/WhatsApp-Image-2023-06-13-at-22.36.45.jpeg\"><img data-recalc-dims=\"1\" decoding=\"async\" width=\"640\" height=\"426\" data-src=\"https:\/\/i0.wp.com\/elterritorialweb.com.ar\/web\/wp-content\/uploads\/2023\/06\/WhatsApp-Image-2023-06-13-at-22.36.45.jpeg?resize=640%2C426\" alt=\"\" class=\"wp-image-54179 lazyload\" data-srcset=\"https:\/\/i0.wp.com\/elterritorialweb.com.ar\/web\/wp-content\/uploads\/2023\/06\/WhatsApp-Image-2023-06-13-at-22.36.45.jpeg?resize=1024%2C682&amp;ssl=1 1024w, https:\/\/i0.wp.com\/elterritorialweb.com.ar\/web\/wp-content\/uploads\/2023\/06\/WhatsApp-Image-2023-06-13-at-22.36.45.jpeg?resize=300%2C200&amp;ssl=1 300w, https:\/\/i0.wp.com\/elterritorialweb.com.ar\/web\/wp-content\/uploads\/2023\/06\/WhatsApp-Image-2023-06-13-at-22.36.45.jpeg?resize=768%2C512&amp;ssl=1 768w, https:\/\/i0.wp.com\/elterritorialweb.com.ar\/web\/wp-content\/uploads\/2023\/06\/WhatsApp-Image-2023-06-13-at-22.36.45.jpeg?resize=1536%2C1023&amp;ssl=1 1536w, https:\/\/i0.wp.com\/elterritorialweb.com.ar\/web\/wp-content\/uploads\/2023\/06\/WhatsApp-Image-2023-06-13-at-22.36.45.jpeg?w=1600&amp;ssl=1 1600w, https:\/\/i0.wp.com\/elterritorialweb.com.ar\/web\/wp-content\/uploads\/2023\/06\/WhatsApp-Image-2023-06-13-at-22.36.45.jpeg?w=1280 1280w\" data-sizes=\"(max-width: 640px) 100vw, 640px\" src=\"data:image\/svg+xml;base64,PHN2ZyB3aWR0aD0iMSIgaGVpZ2h0PSIxIiB4bWxucz0iaHR0cDovL3d3dy53My5vcmcvMjAwMC9zdmciPjwvc3ZnPg==\" style=\"--smush-placeholder-width: 640px; --smush-placeholder-aspect-ratio: 640\/426;\" \/><\/a><\/figure>\n\n\n\n<p>Por su parte, Busellini agradeci\u00f3 la presencia de las autoridades y destac\u00f3 la importancia de \u201cuna herramienta digital al servicio de las personas para poder relevar, en tiempo real, indicadores\u201d. \u201cLos mide, arroja una valoraci\u00f3n de riesgo y el mismo sistema da una recomendaci\u00f3n en relaci\u00f3n de lo que ocurre con el usuario\u00bb, explic\u00f3.<\/p>\n","protected":false},"excerpt":{"rendered":"<p>Este martes por la tarde se realiz\u00f3 en Casa de Gobierno la presentaci\u00f3n de \u00abIguales\u00bb, una herramienta tecnol\u00f3gica dise\u00f1ada para predecir con mayor velocidad situaciones de violencia de g\u00e9nero.<\/p>\n","protected":false},"author":2,"featured_media":54180,"comment_status":"open","ping_status":"open","sticky":false,"template":"","format":"standard","meta":{"om_disable_all_campaigns":false,"_monsterinsights_skip_tracking":false,"_monsterinsights_sitenote_active":false,"_monsterinsights_sitenote_note":"","_monsterinsights_sitenote_category":0,"_uf_show_specific_survey":0,"_uf_disable_surveys":false,"jetpack_post_was_ever_published":false,"_jetpack_newsletter_access":"","_jetpack_dont_email_post_to_subs":false,"_jetpack_newsletter_tier_id":0,"_jetpack_memberships_contains_paywalled_content":false,"_jetpack_memberships_contains_paid_content":false,"footnotes":"","jetpack_publicize_message":"","jetpack_publicize_feature_enabled":true,"jetpack_social_post_already_shared":true,"jetpack_social_options":{"image_generator_settings":{"template":"highway","default_image_id":0,"font":"","enabled":false},"version":2}},"categories":[21],"tags":[49,258,257],"class_list":["post-54178","post","type-post","status-publish","format-standard","has-post-thumbnail","hentry","category-locales","tag-gobierno-de-santiago-del-estero","tag-lucha-contra-la-violencia-de-genero","tag-software-iguales"],"aioseo_notices":[],"views":10,"jetpack_publicize_connections":[],"jetpack_featured_media_url":"https:\/\/i0.wp.com\/elterritorialweb.com.ar\/web\/wp-content\/uploads\/2023\/06\/WhatsApp-Image-2023-06-13-at-22.36.44-1.jpeg?fit=1600%2C1066&ssl=1","jetpack_sharing_enabled":true,"_links":{"self":[{"href":"https:\/\/elterritorialweb.com.ar\/web\/wp-json\/wp\/v2\/posts\/54178","targetHints":{"allow":["GET"]}}],"collection":[{"href":"https:\/\/elterritorialweb.com.ar\/web\/wp-json\/wp\/v2\/posts"}],"about":[{"href":"https:\/\/elterritorialweb.com.ar\/web\/wp-json\/wp\/v2\/types\/post"}],"author":[{"embeddable":true,"href":"https:\/\/elterritorialweb.com.ar\/web\/wp-json\/wp\/v2\/users\/2"}],"replies":[{"embeddable":true,"href":"https:\/\/elterritorialweb.com.ar\/web\/wp-json\/wp\/v2\/comments?post=54178"}],"version-history":[{"count":1,"href":"https:\/\/elterritorialweb.com.ar\/web\/wp-json\/wp\/v2\/posts\/54178\/revisions"}],"predecessor-version":[{"id":54182,"href":"https:\/\/elterritorialweb.com.ar\/web\/wp-json\/wp\/v2\/posts\/54178\/revisions\/54182"}],"wp:featuredmedia":[{"embeddable":true,"href":"https:\/\/elterritorialweb.com.ar\/web\/wp-json\/wp\/v2\/media\/54180"}],"wp:attachment":[{"href":"https:\/\/elterritorialweb.com.ar\/web\/wp-json\/wp\/v2\/media?parent=54178"}],"wp:term":[{"taxonomy":"category","embeddable":true,"href":"https:\/\/elterritorialweb.com.ar\/web\/wp-json\/wp\/v2\/categories?post=54178"},{"taxonomy":"post_tag","embeddable":true,"href":"https:\/\/elterritorialweb.com.ar\/web\/wp-json\/wp\/v2\/tags?post=54178"}],"curies":[{"name":"wp","href":"https:\/\/api.w.org\/{rel}","templated":true}]}}