{"id":54183,"date":"2023-06-14T02:00:35","date_gmt":"2023-06-14T02:00:35","guid":{"rendered":"http:\/\/elterritorialweb.com.ar\/web\/?p=54183"},"modified":"2023-06-14T02:00:59","modified_gmt":"2023-06-14T02:00:59","slug":"la-cgt-pidio-la-unidad-del-peronismo-para-las-elecciones","status":"publish","type":"post","link":"https:\/\/elterritorialweb.com.ar\/web\/la-cgt-pidio-la-unidad-del-peronismo-para-las-elecciones\/","title":{"rendered":"LA CGT PIDI\u00d3 LA UNIDAD DEL PERONISMO PARA LAS ELECCIONES"},"content":{"rendered":"\n<p>La central obrera inst\u00f3 a que el movimiento nacional y popular presente \u00abun solo camino de cara al proceso electoral que se avecina\u00bb.<\/p>\n\n\n\n<p>\u00abEl presente y el futuro necesita hoy m\u00e1s que nunca encontrar la s\u00edntesis que nos encamine a las soluciones estructurales de nuestro pa\u00eds.<strong>&nbsp;La pobreza, la desigualdad social y la falta de perspectivas deben llevarnos a recorrer un solo camino de cara al proceso electoral que se avecina, que m\u00e1s all\u00e1 de los matices nos mantenga unidos<\/strong>\u00ab, detall\u00f3 la central obrera a trav\u00e9s de un comunicado.<\/p>\n\n\n\n<p>En el documento titulado \u00abUnidad, responsabilidad, federalismo y un proyecto de pa\u00eds m\u00e1s igualitario para triunfar\u00bb, la CGT expuso que los integrantes del Frente de Todos deben mantenerse\u00a0<strong>\u00abunidos para que la derecha no nos robe los derechos sociales y laborales con reformas que solo benefician a los que m\u00e1s tienen\u00bb<\/strong>. Y aclar\u00f3 con contundencia:\u00a0\u00abQue la disputa sea contra la oposici\u00f3n por el futuro de la Patria y no entre peronistas por los pedazos de una derrota\u00bb.<\/p>\n\n\n\n<p>En la misma l\u00ednea, el sindicalismo apunt\u00f3 contra las medidas que pretende instalar el Fondo Monetario Internacional para que se mantenga el acuerdo por la reestructuraci\u00f3n de la deuda generada por el expresidente Mauricio Macri: \u00ab<strong>Unidos para enfrentar a un FMI que pretende un ajuste feroz<\/strong>, sin importar las consecuencias sociales que produzca, favoreciendo electoralmente a la oposici\u00f3n quienes endeudaron el Pa\u00eds y destruyeron cientos de miles de puestos de trabajo\u00bb.<\/p>\n\n\n\n<div data-wp-interactive=\"core\/file\" class=\"wp-block-file\"><object data-wp-bind--hidden=\"!state.hasPdfPreview\" hidden class=\"wp-block-file__embed\" data=\"http:\/\/elterritorialweb.com.ar\/web\/wp-content\/uploads\/2023\/06\/CGT.pdf\" type=\"application\/pdf\" style=\"width:100%;height:600px\" aria-label=\"Incrustado de CGT.\"><\/object><a id=\"wp-block-file--media-85d2d0ad-61d9-4c69-8200-c38ca620534f\" href=\"http:\/\/elterritorialweb.com.ar\/web\/wp-content\/uploads\/2023\/06\/CGT.pdf\">CGT<\/a><a href=\"http:\/\/elterritorialweb.com.ar\/web\/wp-content\/uploads\/2023\/06\/CGT.pdf\" class=\"wp-block-file__button wp-element-button\" download aria-describedby=\"wp-block-file--media-85d2d0ad-61d9-4c69-8200-c38ca620534f\">Descarga<\/a><\/div>\n","protected":false},"excerpt":{"rendered":"<p>La central obrera inst\u00f3 a que el movimiento nacional y popular presente \u00abun solo camino de cara al proceso electoral que se avecina\u00bb.<\/p>\n","protected":false},"author":2,"featured_media":54185,"comment_status":"open","ping_status":"open","sticky":false,"template":"","format":"standard","meta":{"om_disable_all_campaigns":false,"_monsterinsights_skip_tracking":false,"_monsterinsights_sitenote_active":false,"_monsterinsights_sitenote_note":"","_monsterinsights_sitenote_category":0,"_uf_show_specific_survey":0,"_uf_disable_surveys":false,"jetpack_post_was_ever_published":false,"_jetpack_newsletter_access":"","_jetpack_dont_email_post_to_subs":false,"_jetpack_newsletter_tier_id":0,"_jetpack_memberships_contains_paywalled_content":false,"_jetpack_memberships_contains_paid_content":false,"footnotes":"","jetpack_publicize_message":"","jetpack_publicize_feature_enabled":true,"jetpack_social_post_already_shared":true,"jetpack_social_options":{"image_generator_settings":{"template":"highway","default_image_id":0,"font":"","enabled":false},"version":2}},"categories":[4,18],"tags":[259,260],"class_list":["post-54183","post","type-post","status-publish","format-standard","has-post-thumbnail","hentry","category-destacadas","category-politica","tag-cgt","tag-elecciones-2023"],"aioseo_notices":[],"views":10,"jetpack_publicize_connections":[],"jetpack_featured_media_url":"https:\/\/i0.wp.com\/elterritorialweb.com.ar\/web\/wp-content\/uploads\/2023\/06\/moyano-daer-y-acuna-cgt.jpeg?fit=1091%2C726&ssl=1","jetpack_sharing_enabled":true,"_links":{"self":[{"href":"https:\/\/elterritorialweb.com.ar\/web\/wp-json\/wp\/v2\/posts\/54183","targetHints":{"allow":["GET"]}}],"collection":[{"href":"https:\/\/elterritorialweb.com.ar\/web\/wp-json\/wp\/v2\/posts"}],"about":[{"href":"https:\/\/elterritorialweb.com.ar\/web\/wp-json\/wp\/v2\/types\/post"}],"author":[{"embeddable":true,"href":"https:\/\/elterritorialweb.com.ar\/web\/wp-json\/wp\/v2\/users\/2"}],"replies":[{"embeddable":true,"href":"https:\/\/elterritorialweb.com.ar\/web\/wp-json\/wp\/v2\/comments?post=54183"}],"version-history":[{"count":1,"href":"https:\/\/elterritorialweb.com.ar\/web\/wp-json\/wp\/v2\/posts\/54183\/revisions"}],"predecessor-version":[{"id":54186,"href":"https:\/\/elterritorialweb.com.ar\/web\/wp-json\/wp\/v2\/posts\/54183\/revisions\/54186"}],"wp:featuredmedia":[{"embeddable":true,"href":"https:\/\/elterritorialweb.com.ar\/web\/wp-json\/wp\/v2\/media\/54185"}],"wp:attachment":[{"href":"https:\/\/elterritorialweb.com.ar\/web\/wp-json\/wp\/v2\/media?parent=54183"}],"wp:term":[{"taxonomy":"category","embeddable":true,"href":"https:\/\/elterritorialweb.com.ar\/web\/wp-json\/wp\/v2\/categories?post=54183"},{"taxonomy":"post_tag","embeddable":true,"href":"https:\/\/elterritorialweb.com.ar\/web\/wp-json\/wp\/v2\/tags?post=54183"}],"curies":[{"name":"wp","href":"https:\/\/api.w.org\/{rel}","templated":true}]}}