{"id":54187,"date":"2023-06-14T02:20:32","date_gmt":"2023-06-14T02:20:32","guid":{"rendered":"http:\/\/elterritorialweb.com.ar\/web\/?p=54187"},"modified":"2023-06-14T02:20:46","modified_gmt":"2023-06-14T02:20:46","slug":"encuentro-clave-entre-cristina-kirchner-massa-y-wado-de-pedro-en-el-senado","status":"publish","type":"post","link":"https:\/\/elterritorialweb.com.ar\/web\/encuentro-clave-entre-cristina-kirchner-massa-y-wado-de-pedro-en-el-senado\/","title":{"rendered":"ENCUENTRO CLAVE ENTRE CRISTINA KIRCHNER, MASSA Y WADO DE PEDRO EN EL SENADO"},"content":{"rendered":"\n<p>A un d\u00eda del cierre de alianzas para las pr\u00f3ximas elecciones,<strong>\u00a0la vicepresidenta Cristina Kirchner\u00a0<\/strong>recibi\u00f3 en su despacho en el Senado a los ministros de Econom\u00eda,<strong>\u00a0Sergio Massa,\u00a0<\/strong>y del Interior,\u00a0<strong>Eduardo \u00abWado\u00bb de Pedro<\/strong>, en un encuentro clave para el futuro del<strong>\u00a0Frente de Todos.<\/strong><\/p>\n\n\n\n<p>Los funcionarios llegaron al Congreso pasadas las 16 horas y mantuvieron una reuni\u00f3n que dur\u00f3 pocos minutos. \u00abLa duda es si fue una reuni\u00f3n pautada o si Massa aprovech\u00f3 su visita al Senado para conversar con de Pedro y la vicepresidenta\u00bb, expres\u00f3 el periodista\u00a0<strong>Iv\u00e1n Schargrodsky\u00a0<\/strong>en\u00a0<strong>El Diario.<\/strong><\/p>\n\n\n\n<p>Si bien trascendieron los motivos del encuentro, se especula que los tres protagonistas debatieron sobre las definiciones que tienen que tomar de cara a las Primarias Abiertas Simult\u00e1neas y Obligatorias (PASO).&nbsp;<strong>La coalici\u00f3n de gobierno a\u00fan debe terminar de definir la estrategia de campa\u00f1a<\/strong>, si van a unas PASO u optar\u00e1n por una lista de consenso y los candidatos que encabezar\u00e1n las listas.<\/p>\n\n\n\n<p><strong>\u00abA m\u00e1s tardar el lunes deber\u00eda estar definido qui\u00e9n o qui\u00e9nes son los candidatos y las candidatas\u00bb<\/strong>, agreg\u00f3 el periodista que desestim\u00f3 que el frente de todos espere hasta el cierre de listas, que ser\u00e1 el pr\u00f3ximo 24 de junio, para tomar la decisi\u00f3n.<\/p>\n\n\n\n<h3 class=\"wp-block-heading\">Cierre de alianzas y cierre de listas<\/h3>\n\n\n\n<p>Las dos principales coaliciones, Frente de Todos y Juntos por el Cambio, manten\u00edan este martes negociaciones contra reloj de cara al vencimiento del&nbsp;<strong>plazo para la inscripci\u00f3n de alianzas y frentes electorales<\/strong>&nbsp;que competir\u00e1n en las PASO del pr\u00f3ximo 13 de agosto.<\/p>\n\n\n\n<p>Las mesas pol\u00edticas que integran los diferentes frentes est\u00e1n definiendo a \u00faltimo momento la ingenier\u00eda electoral con el objetivo de lograr la mejor estructura posible para intentar sumar nuevos espacios o, al menos, mantener la unidad de los mismos miembros que conformaron esas alianzas en las elecciones pasadas.<\/p>\n\n\n\n<p>En t\u00e9rminos legales, seg\u00fan lo estipulado por la C\u00e1mara Nacional Electoral (CNE), el plazo a nivel nacional para presentar ante la Justicia la composici\u00f3n del frente y alianzas es hasta este&nbsp;<strong>mi\u00e9rcoles a la medianoche<\/strong>, aunque en la provincia de Buenos Aires se extender\u00e1 hasta las 9.30 del jueves 15.<\/p>\n\n\n\n<p>Seg\u00fan fuentes del gobierno, el Frente de Todos a nivel nacional presentar\u00e1 el mi\u00e9rcoles toda la documentaci\u00f3n junta ante la Justicia electoral, as\u00ed como tambi\u00e9n se enviar\u00e1 el reglamento que sale como primera resoluci\u00f3n de la junta electoral. Es posible que el frente oficialista cambie de denominaci\u00f3n, aunque no habr\u00e1 modificaciones importantes respecto a los partidos que conforman la coalici\u00f3n.<\/p>\n","protected":false},"excerpt":{"rendered":"<p>La vicepresidenta recibi\u00f3 en el Senado al ministro de Econom\u00eda y del Interior en una reuni\u00f3n clave de cara al cierre de alianzas y listas electorales.<\/p>\n","protected":false},"author":2,"featured_media":54188,"comment_status":"open","ping_status":"open","sticky":false,"template":"","format":"standard","meta":{"om_disable_all_campaigns":false,"_monsterinsights_skip_tracking":false,"_monsterinsights_sitenote_active":false,"_monsterinsights_sitenote_note":"","_monsterinsights_sitenote_category":0,"_uf_show_specific_survey":0,"_uf_disable_surveys":false,"jetpack_post_was_ever_published":false,"_jetpack_newsletter_access":"","_jetpack_dont_email_post_to_subs":false,"_jetpack_newsletter_tier_id":0,"_jetpack_memberships_contains_paywalled_content":false,"_jetpack_memberships_contains_paid_content":false,"footnotes":"","jetpack_publicize_message":"","jetpack_publicize_feature_enabled":true,"jetpack_social_post_already_shared":true,"jetpack_social_options":{"image_generator_settings":{"template":"highway","default_image_id":0,"font":"","enabled":false},"version":2}},"categories":[4,18],"tags":[85,262,68,261],"class_list":["post-54187","post","type-post","status-publish","format-standard","has-post-thumbnail","hentry","category-destacadas","category-politica","tag-cristina-kirchner","tag-senado-de-la-nacion","tag-sergio-massa","tag-wado-de-pedro"],"aioseo_notices":[],"views":14,"jetpack_publicize_connections":[],"jetpack_featured_media_url":"https:\/\/i0.wp.com\/elterritorialweb.com.ar\/web\/wp-content\/uploads\/2023\/06\/image-3.png?fit=980%2C640&ssl=1","jetpack_sharing_enabled":true,"_links":{"self":[{"href":"https:\/\/elterritorialweb.com.ar\/web\/wp-json\/wp\/v2\/posts\/54187","targetHints":{"allow":["GET"]}}],"collection":[{"href":"https:\/\/elterritorialweb.com.ar\/web\/wp-json\/wp\/v2\/posts"}],"about":[{"href":"https:\/\/elterritorialweb.com.ar\/web\/wp-json\/wp\/v2\/types\/post"}],"author":[{"embeddable":true,"href":"https:\/\/elterritorialweb.com.ar\/web\/wp-json\/wp\/v2\/users\/2"}],"replies":[{"embeddable":true,"href":"https:\/\/elterritorialweb.com.ar\/web\/wp-json\/wp\/v2\/comments?post=54187"}],"version-history":[{"count":1,"href":"https:\/\/elterritorialweb.com.ar\/web\/wp-json\/wp\/v2\/posts\/54187\/revisions"}],"predecessor-version":[{"id":54189,"href":"https:\/\/elterritorialweb.com.ar\/web\/wp-json\/wp\/v2\/posts\/54187\/revisions\/54189"}],"wp:featuredmedia":[{"embeddable":true,"href":"https:\/\/elterritorialweb.com.ar\/web\/wp-json\/wp\/v2\/media\/54188"}],"wp:attachment":[{"href":"https:\/\/elterritorialweb.com.ar\/web\/wp-json\/wp\/v2\/media?parent=54187"}],"wp:term":[{"taxonomy":"category","embeddable":true,"href":"https:\/\/elterritorialweb.com.ar\/web\/wp-json\/wp\/v2\/categories?post=54187"},{"taxonomy":"post_tag","embeddable":true,"href":"https:\/\/elterritorialweb.com.ar\/web\/wp-json\/wp\/v2\/tags?post=54187"}],"curies":[{"name":"wp","href":"https:\/\/api.w.org\/{rel}","templated":true}]}}