{"id":54191,"date":"2023-06-14T13:14:00","date_gmt":"2023-06-14T13:14:00","guid":{"rendered":"http:\/\/elterritorialweb.com.ar\/web\/?p=54191"},"modified":"2023-06-14T13:14:03","modified_gmt":"2023-06-14T13:14:03","slug":"el-indec-dara-a-conocer-la-inflacion-de-mayo","status":"publish","type":"post","link":"https:\/\/elterritorialweb.com.ar\/web\/el-indec-dara-a-conocer-la-inflacion-de-mayo\/","title":{"rendered":"EL INDEC DAR\u00c1 A CONOCER LA INFLACI\u00d3N DE MAYO"},"content":{"rendered":"\n<p>Luego de que se conociera el\u00a0dato de la inflaci\u00f3n\u00a0en la Ciudad de Buenos Aires, este mi\u00e9rcoles el Instituto Nacional de Estad\u00edstica y Censos\u00a0<strong>(Indec) dar\u00e1 a conocer esta tarde la variaci\u00f3n que registr\u00f3 el \u00cdndice de Precios del Consumidor (IPC) del mes de mayo.<\/strong><\/p>\n\n\n\n<p>Para el quinto mes del a\u00f1o, las consultoras privadas que participaron del Relevamiento de Expectativas del Mercado (REM), difundido el viernes por el Banco Central (BCRA), estimaron que la inflaci\u00f3n de mayo se ubic\u00f3 en torno al 9%, por lo que seguir\u00e1 en alza del dato del mes pasado.<\/p>\n\n\n\n<p>Por su parte, desde el<strong>\u00a0Ministerio de Econom\u00eda estiman que el IPC ser\u00e1 menor al 9%<\/strong>\u00a0e incluso\u00a0inferior al 8,4% de abril pasado. En tanto, en C\u00f3rdoba capital se ubic\u00f3 en 7,98%.<\/p>\n\n\n\n<p>En mayo, en CABA se destac\u00f3 la baja de los precios de los \u201cproductos estacionales\u201d como frutas y verduras, luego de que en marzo y en abril, debido a la sequ\u00eda y la ola de calor, marcaran fuertes subas por inconvenientes en la producci\u00f3n.<\/p>\n\n\n\n<p>Por su parte, las consultoras privadas, que ven\u00edan estimando niveles de inflaci\u00f3n por debajo de los que terminaba informando el Indec, argumentaron que en la inflaci\u00f3n de mayo impact\u00f3 la suba de las tarifas de los servicios regulados, como la energ\u00eda el\u00e9ctrica, el gas, el transporte, as\u00ed como las cuotas de los colegios.<\/p>\n","protected":false},"excerpt":{"rendered":"<p>Las consultoras privadas estimaron que la inflaci\u00f3n ser\u00e1 del 9%. En la Ciudad, el relevamiento de la Direcci\u00f3n General de Estad\u00edsticas y Censos inform\u00f3 que fue de 7,5%.<\/p>\n","protected":false},"author":2,"featured_media":6053,"comment_status":"open","ping_status":"open","sticky":false,"template":"","format":"standard","meta":{"om_disable_all_campaigns":false,"_monsterinsights_skip_tracking":false,"_monsterinsights_sitenote_active":false,"_monsterinsights_sitenote_note":"","_monsterinsights_sitenote_category":0,"_uf_show_specific_survey":0,"_uf_disable_surveys":false,"jetpack_post_was_ever_published":false,"_jetpack_newsletter_access":"","_jetpack_dont_email_post_to_subs":false,"_jetpack_newsletter_tier_id":0,"_jetpack_memberships_contains_paywalled_content":false,"_jetpack_memberships_contains_paid_content":false,"footnotes":"","jetpack_publicize_message":"","jetpack_publicize_feature_enabled":true,"jetpack_social_post_already_shared":true,"jetpack_social_options":{"image_generator_settings":{"template":"highway","default_image_id":0,"font":"","enabled":false},"version":2}},"categories":[2],"tags":[264,263,265],"class_list":["post-54191","post","type-post","status-publish","format-standard","has-post-thumbnail","hentry","category-economia","tag-datos","tag-indec","tag-inflacion"],"aioseo_notices":[],"views":8,"jetpack_publicize_connections":[],"jetpack_featured_media_url":"https:\/\/i0.wp.com\/elterritorialweb.com.ar\/web\/wp-content\/uploads\/2020\/06\/frente_indec.jpg?fit=1578%2C937&ssl=1","jetpack_sharing_enabled":true,"_links":{"self":[{"href":"https:\/\/elterritorialweb.com.ar\/web\/wp-json\/wp\/v2\/posts\/54191","targetHints":{"allow":["GET"]}}],"collection":[{"href":"https:\/\/elterritorialweb.com.ar\/web\/wp-json\/wp\/v2\/posts"}],"about":[{"href":"https:\/\/elterritorialweb.com.ar\/web\/wp-json\/wp\/v2\/types\/post"}],"author":[{"embeddable":true,"href":"https:\/\/elterritorialweb.com.ar\/web\/wp-json\/wp\/v2\/users\/2"}],"replies":[{"embeddable":true,"href":"https:\/\/elterritorialweb.com.ar\/web\/wp-json\/wp\/v2\/comments?post=54191"}],"version-history":[{"count":1,"href":"https:\/\/elterritorialweb.com.ar\/web\/wp-json\/wp\/v2\/posts\/54191\/revisions"}],"predecessor-version":[{"id":54192,"href":"https:\/\/elterritorialweb.com.ar\/web\/wp-json\/wp\/v2\/posts\/54191\/revisions\/54192"}],"wp:featuredmedia":[{"embeddable":true,"href":"https:\/\/elterritorialweb.com.ar\/web\/wp-json\/wp\/v2\/media\/6053"}],"wp:attachment":[{"href":"https:\/\/elterritorialweb.com.ar\/web\/wp-json\/wp\/v2\/media?parent=54191"}],"wp:term":[{"taxonomy":"category","embeddable":true,"href":"https:\/\/elterritorialweb.com.ar\/web\/wp-json\/wp\/v2\/categories?post=54191"},{"taxonomy":"post_tag","embeddable":true,"href":"https:\/\/elterritorialweb.com.ar\/web\/wp-json\/wp\/v2\/tags?post=54191"}],"curies":[{"name":"wp","href":"https:\/\/api.w.org\/{rel}","templated":true}]}}