{"id":54193,"date":"2023-06-14T19:33:21","date_gmt":"2023-06-14T19:33:21","guid":{"rendered":"http:\/\/elterritorialweb.com.ar\/web\/?p=54193"},"modified":"2023-06-14T19:34:05","modified_gmt":"2023-06-14T19:34:05","slug":"con-mas-de-2-mil-asistentes-comenzo-el-2-smart-city-expo-santiago-del-estero","status":"publish","type":"post","link":"https:\/\/elterritorialweb.com.ar\/web\/con-mas-de-2-mil-asistentes-comenzo-el-2-smart-city-expo-santiago-del-estero\/","title":{"rendered":"CON M\u00c1S DE 2 MIL ASISTENTES COMENZ\u00d3 EL 2\u00b0 SMART CITY EXPO SANTIAGO DEL ESTERO"},"content":{"rendered":"\n<p>Tambi\u00e9n participaron del corte de cintas oficial el vicegobernador Carlos Silva Neder; el jefe de Gabinete, El\u00edas Su\u00e1rez; los ministros nacionales de Turismo y Deportes, Mat\u00edas Lammens; de Ciencia, Tecnolog\u00eda e Innovaci\u00f3n Productiva, Daniel Filmus, y de Desarrollo Territorial y H\u00e1bitat, Santiago Maggiotti; el CEO de FIRA Barcelona Internacional, Ricard Zapatero; el presidente de YPF Argentina, Pablo Gonz\u00e1lez y el presidente de la Federaci\u00f3n Argentina de Municipios, Fernando Espinoza. Adem\u00e1s de representantes de todas las carteras de gobierno provincial, legisladores nacionales y provinciales, intendentes, acad\u00e9micos, entre otros.<\/p>\n\n\n\n<figure class=\"wp-block-image size-large\"><a href=\"https:\/\/i0.wp.com\/elterritorialweb.com.ar\/web\/wp-content\/uploads\/2023\/06\/IMG-20230614-WA0019.jpg\"><img data-recalc-dims=\"1\" decoding=\"async\" width=\"640\" height=\"426\" data-src=\"https:\/\/i0.wp.com\/elterritorialweb.com.ar\/web\/wp-content\/uploads\/2023\/06\/IMG-20230614-WA0019.jpg?resize=640%2C426\" alt=\"\" class=\"wp-image-54195 lazyload\" data-srcset=\"https:\/\/i0.wp.com\/elterritorialweb.com.ar\/web\/wp-content\/uploads\/2023\/06\/IMG-20230614-WA0019.jpg?resize=1024%2C682&amp;ssl=1 1024w, https:\/\/i0.wp.com\/elterritorialweb.com.ar\/web\/wp-content\/uploads\/2023\/06\/IMG-20230614-WA0019.jpg?resize=300%2C200&amp;ssl=1 300w, https:\/\/i0.wp.com\/elterritorialweb.com.ar\/web\/wp-content\/uploads\/2023\/06\/IMG-20230614-WA0019.jpg?resize=768%2C512&amp;ssl=1 768w, https:\/\/i0.wp.com\/elterritorialweb.com.ar\/web\/wp-content\/uploads\/2023\/06\/IMG-20230614-WA0019.jpg?resize=1536%2C1023&amp;ssl=1 1536w, https:\/\/i0.wp.com\/elterritorialweb.com.ar\/web\/wp-content\/uploads\/2023\/06\/IMG-20230614-WA0019.jpg?w=1600&amp;ssl=1 1600w, https:\/\/i0.wp.com\/elterritorialweb.com.ar\/web\/wp-content\/uploads\/2023\/06\/IMG-20230614-WA0019.jpg?w=1280 1280w\" data-sizes=\"(max-width: 640px) 100vw, 640px\" src=\"data:image\/svg+xml;base64,PHN2ZyB3aWR0aD0iMSIgaGVpZ2h0PSIxIiB4bWxucz0iaHR0cDovL3d3dy53My5vcmcvMjAwMC9zdmciPjwvc3ZnPg==\" style=\"--smush-placeholder-width: 640px; --smush-placeholder-aspect-ratio: 640\/426;\" \/><\/a><\/figure>\n\n\n\n<p>Esta segunda edici\u00f3n del Smart City en Santiago del Estero re\u00fane a expertos en ciudades inteligentes para discutir y visualizar soluciones potenciales a los desaf\u00edos que enfrentan las comunidades, para impulsar el desarrollo sustentable, tecnol\u00f3gico y social de los territorios urbanos y rurales a trav\u00e9s de herramientas y soluciones innovadoras para lograr mejores lugares para vivir.<\/p>\n\n\n\n<figure class=\"wp-block-image size-large\"><a href=\"https:\/\/i0.wp.com\/elterritorialweb.com.ar\/web\/wp-content\/uploads\/2023\/06\/IMG-20230614-WA0018.jpg\"><img data-recalc-dims=\"1\" decoding=\"async\" width=\"640\" height=\"889\" data-src=\"https:\/\/i0.wp.com\/elterritorialweb.com.ar\/web\/wp-content\/uploads\/2023\/06\/IMG-20230614-WA0018.jpg?resize=640%2C889\" alt=\"\" class=\"wp-image-54194 lazyload\" data-srcset=\"https:\/\/i0.wp.com\/elterritorialweb.com.ar\/web\/wp-content\/uploads\/2023\/06\/IMG-20230614-WA0018.jpg?resize=737%2C1024&amp;ssl=1 737w, https:\/\/i0.wp.com\/elterritorialweb.com.ar\/web\/wp-content\/uploads\/2023\/06\/IMG-20230614-WA0018.jpg?resize=216%2C300&amp;ssl=1 216w, https:\/\/i0.wp.com\/elterritorialweb.com.ar\/web\/wp-content\/uploads\/2023\/06\/IMG-20230614-WA0018.jpg?resize=768%2C1067&amp;ssl=1 768w, https:\/\/i0.wp.com\/elterritorialweb.com.ar\/web\/wp-content\/uploads\/2023\/06\/IMG-20230614-WA0018.jpg?w=929&amp;ssl=1 929w\" data-sizes=\"(max-width: 640px) 100vw, 640px\" src=\"data:image\/svg+xml;base64,PHN2ZyB3aWR0aD0iMSIgaGVpZ2h0PSIxIiB4bWxucz0iaHR0cDovL3d3dy53My5vcmcvMjAwMC9zdmciPjwvc3ZnPg==\" style=\"--smush-placeholder-width: 640px; --smush-placeholder-aspect-ratio: 640\/889;\" \/><\/a><\/figure>\n\n\n\n<p>Zamora, junto con el titular de YPF y el CEO de Fira Barcelona, dieron los discursos de apertura en una sala colmada por m\u00e1s de 2 mil personas.<br>En este marco, el mandatario provincial destac\u00f3 la importancia de este espacio para \u201calcanzar un futuro sustentable a partir de reunir a referentes para discutir y visualizar soluciones o desaf\u00edos que enfrentan las comunidades del futuro para el desarrollo sustentable, tecnol\u00f3gico y social del territorio\u201d.<\/p>\n\n\n\n<figure class=\"wp-block-image size-full\"><a href=\"https:\/\/i0.wp.com\/elterritorialweb.com.ar\/web\/wp-content\/uploads\/2023\/06\/FB_IMG_1686771053789.jpg\"><img data-recalc-dims=\"1\" decoding=\"async\" width=\"640\" height=\"427\" data-src=\"https:\/\/i0.wp.com\/elterritorialweb.com.ar\/web\/wp-content\/uploads\/2023\/06\/FB_IMG_1686771053789.jpg?resize=640%2C427\" alt=\"\" class=\"wp-image-54201 lazyload\" data-srcset=\"https:\/\/i0.wp.com\/elterritorialweb.com.ar\/web\/wp-content\/uploads\/2023\/06\/FB_IMG_1686771053789.jpg?w=719&amp;ssl=1 719w, https:\/\/i0.wp.com\/elterritorialweb.com.ar\/web\/wp-content\/uploads\/2023\/06\/FB_IMG_1686771053789.jpg?resize=300%2C200&amp;ssl=1 300w\" data-sizes=\"(max-width: 640px) 100vw, 640px\" src=\"data:image\/svg+xml;base64,PHN2ZyB3aWR0aD0iMSIgaGVpZ2h0PSIxIiB4bWxucz0iaHR0cDovL3d3dy53My5vcmcvMjAwMC9zdmciPjwvc3ZnPg==\" style=\"--smush-placeholder-width: 640px; --smush-placeholder-aspect-ratio: 640\/427;\" \/><\/a><\/figure>\n\n\n\n<p>Agreg\u00f3: \u201cEsto generar\u00e1 un marco propicio, tal como viene sucediendo en las ciudades m\u00e1s importantes del mundo, para darnos herramientas que nos permitan lograr esos objetivos\u201d.<br>Tambi\u00e9n resalt\u00f3 la calidad de los oradores de nivel nacional e internacional, quienes participan en talleres, workshopp, ronda de negocios, exposiciones, entre m\u00faltiples actividades que se desarrollar\u00e1n en estas jornadas.<\/p>\n\n\n\n<figure class=\"wp-block-image size-large is-resized\"><a href=\"https:\/\/i0.wp.com\/elterritorialweb.com.ar\/web\/wp-content\/uploads\/2023\/06\/IMG-20230614-WA0020.jpg\"><img data-recalc-dims=\"1\" decoding=\"async\" data-src=\"https:\/\/i0.wp.com\/elterritorialweb.com.ar\/web\/wp-content\/uploads\/2023\/06\/IMG-20230614-WA0020.jpg?resize=389%2C259\" alt=\"\" class=\"wp-image-54197 lazyload\" width=\"389\" height=\"259\" data-srcset=\"https:\/\/i0.wp.com\/elterritorialweb.com.ar\/web\/wp-content\/uploads\/2023\/06\/IMG-20230614-WA0020.jpg?resize=1024%2C682&amp;ssl=1 1024w, https:\/\/i0.wp.com\/elterritorialweb.com.ar\/web\/wp-content\/uploads\/2023\/06\/IMG-20230614-WA0020.jpg?resize=300%2C200&amp;ssl=1 300w, https:\/\/i0.wp.com\/elterritorialweb.com.ar\/web\/wp-content\/uploads\/2023\/06\/IMG-20230614-WA0020.jpg?resize=768%2C512&amp;ssl=1 768w, https:\/\/i0.wp.com\/elterritorialweb.com.ar\/web\/wp-content\/uploads\/2023\/06\/IMG-20230614-WA0020.jpg?resize=1536%2C1023&amp;ssl=1 1536w, https:\/\/i0.wp.com\/elterritorialweb.com.ar\/web\/wp-content\/uploads\/2023\/06\/IMG-20230614-WA0020.jpg?w=1600&amp;ssl=1 1600w, https:\/\/i0.wp.com\/elterritorialweb.com.ar\/web\/wp-content\/uploads\/2023\/06\/IMG-20230614-WA0020.jpg?w=1280 1280w\" data-sizes=\"(max-width: 389px) 100vw, 389px\" src=\"data:image\/svg+xml;base64,PHN2ZyB3aWR0aD0iMSIgaGVpZ2h0PSIxIiB4bWxucz0iaHR0cDovL3d3dy53My5vcmcvMjAwMC9zdmciPjwvc3ZnPg==\" style=\"--smush-placeholder-width: 389px; --smush-placeholder-aspect-ratio: 389\/259;\" \/><\/a><\/figure>\n\n\n\n<p>A continuaci\u00f3n, hizo uso de la palabra el presidente de YPF SA Argentina, Pablo Gonz\u00e1lez, quien resalt\u00f3 la gesti\u00f3n del gobernador con sus pol\u00edticas p\u00fablicas. \u201cEste Smart City con absoluto acierto, se ha puesto como premisa pensar en un Santiago del Estero diferente, en una provincia diferente, en un pa\u00eds diferente, sobre el aprendizaje y el desarrollo cient\u00edfico pero siempre trasladando todo a mejorar la calidad de vida de los ciudadanos\u201d.<br>Por su parte, Ricard Zapatero destac\u00f3 la realizaci\u00f3n de esta expo en importantes ciudades de todo el mundo, Shangai; Bogota; Barcelona; Doha; Nueva York y en la ciudad de Santiago del Estero. \u201cEs un gran listado de lugares que apuestan por las ciudades inteligentes\u201d, dijo.<br>\u201cHoy todo el mundo, todo el ecosistema de Smart City est\u00e1 mirando Argentina, est\u00e1 mirando Santiago del Estero para ver que va a pasar aqu\u00ed en estos tres d\u00edas\u201d cerr\u00f3.<\/p>\n","protected":false},"excerpt":{"rendered":"<p>El gobernador Gerardo Zamora encabez\u00f3 este mi\u00e9rcoles la apertura de la segunda edici\u00f3n del Smart City Expo Santiago del Estero, \u201cEconom\u00eda del Conocimiento para la Transformaci\u00f3n Social\u00bb, que se desarrollar\u00e1 en el Nodo Tecnol\u00f3gico hasta el 16 de junio, de 8.30 a 19.<\/p>\n","protected":false},"author":2,"featured_media":54196,"comment_status":"open","ping_status":"open","sticky":false,"template":"","format":"standard","meta":{"om_disable_all_campaigns":false,"_monsterinsights_skip_tracking":false,"_monsterinsights_sitenote_active":false,"_monsterinsights_sitenote_note":"","_monsterinsights_sitenote_category":0,"_uf_show_specific_survey":0,"_uf_disable_surveys":false,"jetpack_post_was_ever_published":false,"_jetpack_newsletter_access":"","_jetpack_dont_email_post_to_subs":false,"_jetpack_newsletter_tier_id":0,"_jetpack_memberships_contains_paywalled_content":false,"_jetpack_memberships_contains_paid_content":false,"footnotes":"","jetpack_publicize_message":"","jetpack_publicize_feature_enabled":true,"jetpack_social_post_already_shared":true,"jetpack_social_options":{"image_generator_settings":{"template":"highway","default_image_id":0,"font":"","enabled":false},"version":2}},"categories":[4,21],"tags":[59,49,266],"class_list":["post-54193","post","type-post","status-publish","format-standard","has-post-thumbnail","hentry","category-destacadas","category-locales","tag-gerardo-zamora","tag-gobierno-de-santiago-del-estero","tag-smart-city-expo-santiago-del-estero"],"aioseo_notices":[],"views":8,"jetpack_publicize_connections":[],"jetpack_featured_media_url":"https:\/\/i0.wp.com\/elterritorialweb.com.ar\/web\/wp-content\/uploads\/2023\/06\/IMG-20230614-WA0128.jpg?fit=947%2C1004&ssl=1","jetpack_sharing_enabled":true,"_links":{"self":[{"href":"https:\/\/elterritorialweb.com.ar\/web\/wp-json\/wp\/v2\/posts\/54193","targetHints":{"allow":["GET"]}}],"collection":[{"href":"https:\/\/elterritorialweb.com.ar\/web\/wp-json\/wp\/v2\/posts"}],"about":[{"href":"https:\/\/elterritorialweb.com.ar\/web\/wp-json\/wp\/v2\/types\/post"}],"author":[{"embeddable":true,"href":"https:\/\/elterritorialweb.com.ar\/web\/wp-json\/wp\/v2\/users\/2"}],"replies":[{"embeddable":true,"href":"https:\/\/elterritorialweb.com.ar\/web\/wp-json\/wp\/v2\/comments?post=54193"}],"version-history":[{"count":1,"href":"https:\/\/elterritorialweb.com.ar\/web\/wp-json\/wp\/v2\/posts\/54193\/revisions"}],"predecessor-version":[{"id":54202,"href":"https:\/\/elterritorialweb.com.ar\/web\/wp-json\/wp\/v2\/posts\/54193\/revisions\/54202"}],"wp:featuredmedia":[{"embeddable":true,"href":"https:\/\/elterritorialweb.com.ar\/web\/wp-json\/wp\/v2\/media\/54196"}],"wp:attachment":[{"href":"https:\/\/elterritorialweb.com.ar\/web\/wp-json\/wp\/v2\/media?parent=54193"}],"wp:term":[{"taxonomy":"category","embeddable":true,"href":"https:\/\/elterritorialweb.com.ar\/web\/wp-json\/wp\/v2\/categories?post=54193"},{"taxonomy":"post_tag","embeddable":true,"href":"https:\/\/elterritorialweb.com.ar\/web\/wp-json\/wp\/v2\/tags?post=54193"}],"curies":[{"name":"wp","href":"https:\/\/api.w.org\/{rel}","templated":true}]}}