{"id":54203,"date":"2023-06-14T19:43:47","date_gmt":"2023-06-14T19:43:47","guid":{"rendered":"http:\/\/elterritorialweb.com.ar\/web\/?p=54203"},"modified":"2023-06-14T19:43:51","modified_gmt":"2023-06-14T19:43:51","slug":"la-reforma-universitaria-fue-tema-del-ciclo-historias-de-mayo","status":"publish","type":"post","link":"https:\/\/elterritorialweb.com.ar\/web\/la-reforma-universitaria-fue-tema-del-ciclo-historias-de-mayo\/","title":{"rendered":"LA REFORMA UNIVERSITARIA FUE TEMA DEL CICLO \u201cHISTORIAS DE MAYO\u201d"},"content":{"rendered":"\n<p>El encuentro tuvo lugar en la Casa Arga\u00f1araz Alcorta y cont\u00f3 con un panel conformado por la investigadora Natalia Bustelo de la Universidad Nacional de la Plata y el rector de la Universidad Nacional de Santiago del Estero, H\u00e9ctor Rub\u00e9n Paz, quienes abordaron como tema central \u201cLa Reforma Universitaria de 1918 y la democratizaci\u00f3n de la educaci\u00f3n\u201d.<\/p>\n\n\n\n<figure class=\"wp-block-image size-large\"><a href=\"https:\/\/i0.wp.com\/elterritorialweb.com.ar\/web\/wp-content\/uploads\/2023\/06\/IMG-20230614-WA0005.jpg\"><img data-recalc-dims=\"1\" decoding=\"async\" width=\"640\" height=\"426\" data-src=\"https:\/\/i0.wp.com\/elterritorialweb.com.ar\/web\/wp-content\/uploads\/2023\/06\/IMG-20230614-WA0005.jpg?resize=640%2C426\" alt=\"\" class=\"wp-image-54205 lazyload\" data-srcset=\"https:\/\/i0.wp.com\/elterritorialweb.com.ar\/web\/wp-content\/uploads\/2023\/06\/IMG-20230614-WA0005.jpg?resize=1024%2C682&amp;ssl=1 1024w, https:\/\/i0.wp.com\/elterritorialweb.com.ar\/web\/wp-content\/uploads\/2023\/06\/IMG-20230614-WA0005.jpg?resize=300%2C200&amp;ssl=1 300w, https:\/\/i0.wp.com\/elterritorialweb.com.ar\/web\/wp-content\/uploads\/2023\/06\/IMG-20230614-WA0005.jpg?resize=768%2C512&amp;ssl=1 768w, https:\/\/i0.wp.com\/elterritorialweb.com.ar\/web\/wp-content\/uploads\/2023\/06\/IMG-20230614-WA0005.jpg?resize=1536%2C1023&amp;ssl=1 1536w, https:\/\/i0.wp.com\/elterritorialweb.com.ar\/web\/wp-content\/uploads\/2023\/06\/IMG-20230614-WA0005.jpg?w=1600&amp;ssl=1 1600w, https:\/\/i0.wp.com\/elterritorialweb.com.ar\/web\/wp-content\/uploads\/2023\/06\/IMG-20230614-WA0005.jpg?w=1280 1280w\" data-sizes=\"(max-width: 640px) 100vw, 640px\" src=\"data:image\/svg+xml;base64,PHN2ZyB3aWR0aD0iMSIgaGVpZ2h0PSIxIiB4bWxucz0iaHR0cDovL3d3dy53My5vcmcvMjAwMC9zdmciPjwvc3ZnPg==\" style=\"--smush-placeholder-width: 640px; --smush-placeholder-aspect-ratio: 640\/426;\" \/><\/a><\/figure>\n\n\n\n<p>El conversatorio se llev\u00f3 a cabo a sala llena, con el acompa\u00f1amiento de la vicerrectora de la UNSE, Marcela Ju\u00e1rez, el decano de la Facultad de Humanidades, Marcelino Ledesma, la vicedecana Sandra Moreira, miembros del gabinete de Rectorado, investigadores, estudiantes, docentes y p\u00fablico en general.<br>El ciclo \u201cHistorias de Mayo\u201c continuar\u00e1 en julio con los temas El Cordobazo y el Mayo Franc\u00e9s.<\/p>\n","protected":false},"excerpt":{"rendered":"<p>Se realiz\u00f3 el segundo encuentro del ciclo de conversaciones \u201cHistorias de Mayo\u201d, organizado por la Municipalidad de la Capital a trav\u00e9s de la Subsecretar\u00eda de Cultura y Turismo, y la Facultad de Humanidades, Ciencias Sociales y de la Salud de la UNSE.<\/p>\n","protected":false},"author":2,"featured_media":54204,"comment_status":"open","ping_status":"open","sticky":false,"template":"","format":"standard","meta":{"om_disable_all_campaigns":false,"_monsterinsights_skip_tracking":false,"_monsterinsights_sitenote_active":false,"_monsterinsights_sitenote_note":"","_monsterinsights_sitenote_category":0,"_uf_show_specific_survey":0,"_uf_disable_surveys":false,"jetpack_post_was_ever_published":false,"_jetpack_newsletter_access":"","_jetpack_dont_email_post_to_subs":false,"_jetpack_newsletter_tier_id":0,"_jetpack_memberships_contains_paywalled_content":false,"_jetpack_memberships_contains_paid_content":false,"footnotes":"","jetpack_publicize_message":"","jetpack_publicize_feature_enabled":true,"jetpack_social_post_already_shared":true,"jetpack_social_options":{"image_generator_settings":{"template":"highway","default_image_id":0,"font":"","enabled":false},"version":2}},"categories":[19],"tags":[156,267,74],"class_list":["post-54203","post","type-post","status-publish","format-standard","has-post-thumbnail","hentry","category-educacion","tag-casa-arganaraz-alcorta","tag-reforma-universitaria","tag-unse"],"aioseo_notices":[],"views":14,"jetpack_publicize_connections":[],"jetpack_featured_media_url":"https:\/\/i0.wp.com\/elterritorialweb.com.ar\/web\/wp-content\/uploads\/2023\/06\/IMG-20230614-WA0004.jpg?fit=1600%2C1066&ssl=1","jetpack_sharing_enabled":true,"_links":{"self":[{"href":"https:\/\/elterritorialweb.com.ar\/web\/wp-json\/wp\/v2\/posts\/54203","targetHints":{"allow":["GET"]}}],"collection":[{"href":"https:\/\/elterritorialweb.com.ar\/web\/wp-json\/wp\/v2\/posts"}],"about":[{"href":"https:\/\/elterritorialweb.com.ar\/web\/wp-json\/wp\/v2\/types\/post"}],"author":[{"embeddable":true,"href":"https:\/\/elterritorialweb.com.ar\/web\/wp-json\/wp\/v2\/users\/2"}],"replies":[{"embeddable":true,"href":"https:\/\/elterritorialweb.com.ar\/web\/wp-json\/wp\/v2\/comments?post=54203"}],"version-history":[{"count":1,"href":"https:\/\/elterritorialweb.com.ar\/web\/wp-json\/wp\/v2\/posts\/54203\/revisions"}],"predecessor-version":[{"id":54206,"href":"https:\/\/elterritorialweb.com.ar\/web\/wp-json\/wp\/v2\/posts\/54203\/revisions\/54206"}],"wp:featuredmedia":[{"embeddable":true,"href":"https:\/\/elterritorialweb.com.ar\/web\/wp-json\/wp\/v2\/media\/54204"}],"wp:attachment":[{"href":"https:\/\/elterritorialweb.com.ar\/web\/wp-json\/wp\/v2\/media?parent=54203"}],"wp:term":[{"taxonomy":"category","embeddable":true,"href":"https:\/\/elterritorialweb.com.ar\/web\/wp-json\/wp\/v2\/categories?post=54203"},{"taxonomy":"post_tag","embeddable":true,"href":"https:\/\/elterritorialweb.com.ar\/web\/wp-json\/wp\/v2\/tags?post=54203"}],"curies":[{"name":"wp","href":"https:\/\/api.w.org\/{rel}","templated":true}]}}