{"id":54211,"date":"2023-06-14T22:18:04","date_gmt":"2023-06-14T22:18:04","guid":{"rendered":"http:\/\/elterritorialweb.com.ar\/web\/?p=54211"},"modified":"2023-06-14T22:18:07","modified_gmt":"2023-06-14T22:18:07","slug":"la-inflacion-de-mayo-fue-del-78-en-argentina","status":"publish","type":"post","link":"https:\/\/elterritorialweb.com.ar\/web\/la-inflacion-de-mayo-fue-del-78-en-argentina\/","title":{"rendered":"LA INFLACI\u00d3N DE MAYO FUE DEL 7,8% EN ARGENTINA"},"content":{"rendered":"\n<p>El Instituto Nacional de Estad\u00edstica y Censos (Indec) dio a conocer que&nbsp;<strong>el aumento en el \u00cdndice de Precios del Consumidor (IPC) fue de 7,8% en mayo<\/strong>. De esta manera,&nbsp;sigui\u00f3 en l\u00ednea con la inflaci\u00f3n en la Ciudad de Buenos Aires, que lleg\u00f3 al 7,5%.<\/p>\n\n\n\n<p>La inflaci\u00f3n baj\u00f3 un 0,6% con respecto al registro de abril, cuando hab\u00eda marcado 8,4%. Con esta cifra,&nbsp;<strong>acumula en los cinco meses del a\u00f1o un incremento del 42,2%, mientras que a nivel interanual sufri\u00f3 un alza de 114,2%<\/strong>.<\/p>\n\n\n\n<p>Los rubros que m\u00e1s incrementos&nbsp;sufrieron fueron&nbsp;Vivienda, agua, electricidad, gas y otros combustibles (11,9%); Restaurantes y hoteles (9,3%), Salud (9%), Equipamiento y mantenimiento del hogar (8,8%), Recreaci\u00f3n y cultura (8,4%); y Transporte (8,1%).<\/p>\n\n\n\n<p>En el otro extremo de la grilla, aquellos sectores que tuvieron menor variaci\u00f3n fueron&nbsp;<strong>Educaci\u00f3n (4,9%); Alimentos y bebidas no alcoh\u00f3licas (5,8%); Comunicaci\u00f3n (6,7%)<\/strong>; Bienes y servicios varios (7,1%); y Prendas de vestir y calzado (7,6%).<\/p>\n\n\n\n<p>Para el quinto mes del a\u00f1o, las consultoras privadas que participaron del Relevamiento de Expectativas del Mercado (REM), difundido el viernes por el Banco Central (BCRA), estimaron que la inflaci\u00f3n de mayo se ubicar\u00eda en torno al 9%. Sin embargo,&nbsp;<strong>el informe del Indec estableci\u00f3 una baja en el IPC.<\/strong><\/p>\n\n\n\n<p>Por su parte, las consultoras privadas, que ven\u00edan estimando niveles de inflaci\u00f3n por debajo de los que terminaba informando el Indec, argumentaron que en la inflaci\u00f3n de mayo impact\u00f3 la suba de las tarifas de los servicios regulados, como la energ\u00eda el\u00e9ctrica, el gas, el transporte, as\u00ed como las cuotas de los colegios.<\/p>\n","protected":false},"excerpt":{"rendered":"<p>El \u00cdndice de Precios al Consumidor subi\u00f3 42,2% en lo que va del a\u00f1o. Vivienda, agua, electricidad, gas y otros combustibles es el rubro que m\u00e1s creci\u00f3.<\/p>\n","protected":false},"author":2,"featured_media":54212,"comment_status":"open","ping_status":"open","sticky":false,"template":"","format":"standard","meta":{"om_disable_all_campaigns":false,"_monsterinsights_skip_tracking":false,"_monsterinsights_sitenote_active":false,"_monsterinsights_sitenote_note":"","_monsterinsights_sitenote_category":0,"_uf_show_specific_survey":0,"_uf_disable_surveys":false,"jetpack_post_was_ever_published":false,"_jetpack_newsletter_access":"","_jetpack_dont_email_post_to_subs":false,"_jetpack_newsletter_tier_id":0,"_jetpack_memberships_contains_paywalled_content":false,"_jetpack_memberships_contains_paid_content":false,"footnotes":"","jetpack_publicize_message":"","jetpack_publicize_feature_enabled":true,"jetpack_social_post_already_shared":true,"jetpack_social_options":{"image_generator_settings":{"template":"highway","default_image_id":0,"font":"","enabled":false},"version":2}},"categories":[4,2],"tags":[263,265,269],"class_list":["post-54211","post","type-post","status-publish","format-standard","has-post-thumbnail","hentry","category-destacadas","category-economia","tag-indec","tag-inflacion","tag-mayo"],"aioseo_notices":[],"views":25,"jetpack_publicize_connections":[],"jetpack_featured_media_url":"https:\/\/i0.wp.com\/elterritorialweb.com.ar\/web\/wp-content\/uploads\/2023\/06\/7bf8041f-d7ce-4367-8f2b-0dbce6cb4e69_alta-libre-aspect-ratio_default_0.jpg?fit=1200%2C675&ssl=1","jetpack_sharing_enabled":true,"_links":{"self":[{"href":"https:\/\/elterritorialweb.com.ar\/web\/wp-json\/wp\/v2\/posts\/54211","targetHints":{"allow":["GET"]}}],"collection":[{"href":"https:\/\/elterritorialweb.com.ar\/web\/wp-json\/wp\/v2\/posts"}],"about":[{"href":"https:\/\/elterritorialweb.com.ar\/web\/wp-json\/wp\/v2\/types\/post"}],"author":[{"embeddable":true,"href":"https:\/\/elterritorialweb.com.ar\/web\/wp-json\/wp\/v2\/users\/2"}],"replies":[{"embeddable":true,"href":"https:\/\/elterritorialweb.com.ar\/web\/wp-json\/wp\/v2\/comments?post=54211"}],"version-history":[{"count":1,"href":"https:\/\/elterritorialweb.com.ar\/web\/wp-json\/wp\/v2\/posts\/54211\/revisions"}],"predecessor-version":[{"id":54213,"href":"https:\/\/elterritorialweb.com.ar\/web\/wp-json\/wp\/v2\/posts\/54211\/revisions\/54213"}],"wp:featuredmedia":[{"embeddable":true,"href":"https:\/\/elterritorialweb.com.ar\/web\/wp-json\/wp\/v2\/media\/54212"}],"wp:attachment":[{"href":"https:\/\/elterritorialweb.com.ar\/web\/wp-json\/wp\/v2\/media?parent=54211"}],"wp:term":[{"taxonomy":"category","embeddable":true,"href":"https:\/\/elterritorialweb.com.ar\/web\/wp-json\/wp\/v2\/categories?post=54211"},{"taxonomy":"post_tag","embeddable":true,"href":"https:\/\/elterritorialweb.com.ar\/web\/wp-json\/wp\/v2\/tags?post=54211"}],"curies":[{"name":"wp","href":"https:\/\/api.w.org\/{rel}","templated":true}]}}