{"id":54214,"date":"2023-06-15T00:39:24","date_gmt":"2023-06-15T00:39:24","guid":{"rendered":"http:\/\/elterritorialweb.com.ar\/web\/?p=54214"},"modified":"2023-06-15T00:39:27","modified_gmt":"2023-06-15T00:39:27","slug":"iniciaron-los-trabajos-de-construccion-de-la-planta-de-tratamiento-de-aguas-residuales","status":"publish","type":"post","link":"https:\/\/elterritorialweb.com.ar\/web\/iniciaron-los-trabajos-de-construccion-de-la-planta-de-tratamiento-de-aguas-residuales\/","title":{"rendered":"INICIARON LOS TRABAJOS DE CONSTRUCCI\u00d3N DE LA PLANTA DE TRATAMIENTO DE AGUAS RESIDUALES"},"content":{"rendered":"\n<p>En este sentido, el jefe comunal explic\u00f3 que esta obra, \u201cforma parte de una obra integral para mejorar la calidad de vida de la zona, la cual incluye la urbanizaci\u00f3n de 60 cuadras y la conexi\u00f3n de 600 hogares a la red de cloacas\u201d, proyecto que est\u00e1 siendo llevado adelante en conjunto por el municipio de la ciudad y la Secretar\u00eda de Integraci\u00f3n Socio Urbana de la Naci\u00f3n.<br>En la oportunidad, Nediani tambi\u00e9n expres\u00f3: \u201cUna obra muy importante que ya comenz\u00f3 con la excavaci\u00f3n para la Cuba principal, as\u00ed que el agradecimiento a una compa\u00f1era de trabajo como la secretaria de Integraci\u00f3n Socio Urbana, Fernanda Mi\u00f1o, con quien realmente estamos trabajando en forma conjunta para llevar adelante esta obra que va a venir a solucionar un viejo problema que ten\u00edamos en esto barrios, donde los l\u00edquidos emergen y que causan mal olor y una mala calidad de vida\u201d.<\/p>\n\n\n\n<figure class=\"wp-block-image size-large\"><a href=\"https:\/\/i0.wp.com\/elterritorialweb.com.ar\/web\/wp-content\/uploads\/2023\/06\/WhatsApp-Image-2023-06-14-at-12.58.50.jpeg\"><img data-recalc-dims=\"1\" decoding=\"async\" width=\"640\" height=\"426\" data-src=\"https:\/\/i0.wp.com\/elterritorialweb.com.ar\/web\/wp-content\/uploads\/2023\/06\/WhatsApp-Image-2023-06-14-at-12.58.50.jpeg?resize=640%2C426\" alt=\"\" class=\"wp-image-54217 lazyload\" data-srcset=\"https:\/\/i0.wp.com\/elterritorialweb.com.ar\/web\/wp-content\/uploads\/2023\/06\/WhatsApp-Image-2023-06-14-at-12.58.50.jpeg?resize=1024%2C682&amp;ssl=1 1024w, https:\/\/i0.wp.com\/elterritorialweb.com.ar\/web\/wp-content\/uploads\/2023\/06\/WhatsApp-Image-2023-06-14-at-12.58.50.jpeg?resize=300%2C200&amp;ssl=1 300w, https:\/\/i0.wp.com\/elterritorialweb.com.ar\/web\/wp-content\/uploads\/2023\/06\/WhatsApp-Image-2023-06-14-at-12.58.50.jpeg?resize=768%2C512&amp;ssl=1 768w, https:\/\/i0.wp.com\/elterritorialweb.com.ar\/web\/wp-content\/uploads\/2023\/06\/WhatsApp-Image-2023-06-14-at-12.58.50.jpeg?w=1280&amp;ssl=1 1280w\" data-sizes=\"(max-width: 640px) 100vw, 640px\" src=\"data:image\/svg+xml;base64,PHN2ZyB3aWR0aD0iMSIgaGVpZ2h0PSIxIiB4bWxucz0iaHR0cDovL3d3dy53My5vcmcvMjAwMC9zdmciPjwvc3ZnPg==\" style=\"--smush-placeholder-width: 640px; --smush-placeholder-aspect-ratio: 640\/426;\" \/><\/a><\/figure>\n\n\n\n<p>\u201cSin ninguna duda, esto es una obra que en su conjunto es integral, habla a las claras que la gesti\u00f3n tiene una mirada de llevar obras y servicios y mejorar cada uno de ellos en todos los barrios de la ciudad\u201d, finaliz\u00f3 el intendente.<\/p>\n","protected":false},"excerpt":{"rendered":"<p>El intendente de la ciudad de La Banda, Roger Nediani visit\u00f3 el comienzo de la obra de construcci\u00f3n de la Planta de Tratamiento de Aguas Residuales en el barrio Sarmiento, que tambi\u00e9n beneficiar\u00e1 a Villa Rosita, Villa Rojas y Villa Nueva.<\/p>\n","protected":false},"author":2,"featured_media":54215,"comment_status":"open","ping_status":"open","sticky":false,"template":"","format":"standard","meta":{"om_disable_all_campaigns":false,"_monsterinsights_skip_tracking":false,"_monsterinsights_sitenote_active":false,"_monsterinsights_sitenote_note":"","_monsterinsights_sitenote_category":0,"_uf_show_specific_survey":0,"_uf_disable_surveys":false,"jetpack_post_was_ever_published":false,"_jetpack_newsletter_access":"","_jetpack_dont_email_post_to_subs":false,"_jetpack_newsletter_tier_id":0,"_jetpack_memberships_contains_paywalled_content":false,"_jetpack_memberships_contains_paid_content":false,"footnotes":"","jetpack_publicize_message":"","jetpack_publicize_feature_enabled":true,"jetpack_social_post_already_shared":true,"jetpack_social_options":{"image_generator_settings":{"template":"highway","default_image_id":0,"font":"","enabled":false},"version":2}},"categories":[9],"tags":[71,63,270,51],"class_list":["post-54214","post","type-post","status-publish","format-standard","has-post-thumbnail","hentry","category-banda","tag-municipalidad-de-la-banda","tag-obras","tag-planta-de-tratamiento-de-aguas","tag-roger-nediani"],"aioseo_notices":[],"views":7,"jetpack_publicize_connections":[],"jetpack_featured_media_url":"https:\/\/i0.wp.com\/elterritorialweb.com.ar\/web\/wp-content\/uploads\/2023\/06\/WhatsApp-Image-2023-06-14-at-12.58.51.jpeg?fit=1280%2C853&ssl=1","jetpack_sharing_enabled":true,"_links":{"self":[{"href":"https:\/\/elterritorialweb.com.ar\/web\/wp-json\/wp\/v2\/posts\/54214","targetHints":{"allow":["GET"]}}],"collection":[{"href":"https:\/\/elterritorialweb.com.ar\/web\/wp-json\/wp\/v2\/posts"}],"about":[{"href":"https:\/\/elterritorialweb.com.ar\/web\/wp-json\/wp\/v2\/types\/post"}],"author":[{"embeddable":true,"href":"https:\/\/elterritorialweb.com.ar\/web\/wp-json\/wp\/v2\/users\/2"}],"replies":[{"embeddable":true,"href":"https:\/\/elterritorialweb.com.ar\/web\/wp-json\/wp\/v2\/comments?post=54214"}],"version-history":[{"count":1,"href":"https:\/\/elterritorialweb.com.ar\/web\/wp-json\/wp\/v2\/posts\/54214\/revisions"}],"predecessor-version":[{"id":54218,"href":"https:\/\/elterritorialweb.com.ar\/web\/wp-json\/wp\/v2\/posts\/54214\/revisions\/54218"}],"wp:featuredmedia":[{"embeddable":true,"href":"https:\/\/elterritorialweb.com.ar\/web\/wp-json\/wp\/v2\/media\/54215"}],"wp:attachment":[{"href":"https:\/\/elterritorialweb.com.ar\/web\/wp-json\/wp\/v2\/media?parent=54214"}],"wp:term":[{"taxonomy":"category","embeddable":true,"href":"https:\/\/elterritorialweb.com.ar\/web\/wp-json\/wp\/v2\/categories?post=54214"},{"taxonomy":"post_tag","embeddable":true,"href":"https:\/\/elterritorialweb.com.ar\/web\/wp-json\/wp\/v2\/tags?post=54214"}],"curies":[{"name":"wp","href":"https:\/\/api.w.org\/{rel}","templated":true}]}}