{"id":54219,"date":"2023-06-15T01:05:48","date_gmt":"2023-06-15T01:05:48","guid":{"rendered":"http:\/\/elterritorialweb.com.ar\/web\/?p=54219"},"modified":"2023-06-15T01:05:50","modified_gmt":"2023-06-15T01:05:50","slug":"cuales-son-los-alimentos-que-mas-aumentaron","status":"publish","type":"post","link":"https:\/\/elterritorialweb.com.ar\/web\/cuales-son-los-alimentos-que-mas-aumentaron\/","title":{"rendered":"CUALES SON LOS ALIMENTOS QUE M\u00c1S AUMENTARON"},"content":{"rendered":"\n<p>Con el\u00a0<strong>5,8%<\/strong>\u00a0de aumento,\u00a0<strong>Alimentos y bebidas no alcoh\u00f3licas<\/strong>\u00a0fue el rubro que m\u00e1s incidi\u00f3 en las distintas regiones del pa\u00eds en\u00a0la inflaci\u00f3n del 7.8% del mes de mayo\u00a0que public\u00f3 el INDEC este mi\u00e9rcoles.<\/p>\n\n\n\n<h3 class=\"wp-block-heading\">Los alimentos que m\u00e1s aumentaron<\/h3>\n\n\n\n<p>El<strong>&nbsp;tomate redondo<\/strong>&nbsp;es el alimento que registr\u00f3 mayores aumentos en el \u00faltimo mes. Con un precio de&nbsp;<strong>964 pesos el kilo<\/strong>, la fruta tuvo un<strong>&nbsp;38,4%<\/strong>&nbsp;de aumento en mayo.<\/p>\n\n\n\n<p>El&nbsp;<strong>az\u00facar<\/strong>&nbsp;tuvo una suba del<strong>&nbsp;29,1%<\/strong>&nbsp;en los \u00faltimos 30 d\u00edas, lo que llev\u00f3 a que el kilo costar\u00e1&nbsp;<strong>459,16<\/strong>&nbsp;pesos. El kilo de&nbsp;<strong>arroz blanco&nbsp;<\/strong>tuvo un precio promedio del<strong>&nbsp;318,44$<\/strong>, lo que signific\u00f3 un&nbsp;<strong>18%<\/strong>&nbsp;de aumento respecto al mes anterior.<\/p>\n\n\n\n<p>Dentro de los l\u00e1cteos, la l<strong>eche fresca en sachet de litro<\/strong>&nbsp;tuvo un aumento del&nbsp;<strong>8.1%,&nbsp;<\/strong>con precios promedios de 293 pesos. El kilo de&nbsp;<strong>queso cremoso&nbsp;<\/strong>registr\u00f3 un aumento del&nbsp;<strong>9,6%<\/strong>&nbsp;y se pudo conseguir con un valor de&nbsp;<strong>2.099$<\/strong>. La&nbsp;<strong>manteca&nbsp;<\/strong>aument\u00f3&nbsp;<strong>9,6%<\/strong>, consigui\u00e9ndose a&nbsp;<strong>596$<\/strong>&nbsp;los 200 gramos. El&nbsp;<strong>yogur firme<\/strong>&nbsp;de 195 cc tuvo un aumento&nbsp;<strong>6,5%.<\/strong><\/p>\n\n\n\n<p>En el rubro carnicer\u00eda, el kilo de&nbsp;<strong>asado<\/strong>&nbsp;tuvo un aumento del 1.7%, la&nbsp;<strong>carne picada<\/strong>&nbsp;com\u00fan un 4,5%, la<strong>&nbsp;paleta<\/strong>&nbsp;un 1,7&amp;, el<strong>&nbsp;cuadril<\/strong>&nbsp;un 2,1% y la&nbsp;<strong>nalga<\/strong>&nbsp;un 2,7%.<\/p>\n\n\n\n<h3 class=\"wp-block-heading\">Los alimentos que bajaron sus precios<\/h3>\n\n\n\n<p>El Indec inform\u00f3 que en mayo hubo 7 alimentos que registraron descensos en sus precios en el Gran Buenos Aires. La&nbsp;<strong>lechuga<\/strong>&nbsp;baj\u00f3 un -40,8%, la&nbsp;<strong>naranja<\/strong>&nbsp;un -23,2 %, el&nbsp;<strong>lim\u00f3n<\/strong>&nbsp;un -7,1 %, el kilo de&nbsp;<strong>pollo entero&nbsp;<\/strong>un -6,2%, la&nbsp;<strong>cebolla<\/strong>&nbsp;un -3,6, el&nbsp;<strong>zapallo anco<\/strong>&nbsp;un -0,6% y el&nbsp;<strong>filet de merluza<\/strong>&nbsp;un -0,3%.<\/p>\n","protected":false},"excerpt":{"rendered":"<p>El rubro Alimentos y bebidas no alcoh\u00f3licas trep\u00f3 un 5,8%. La inflaci\u00f3n de mayo fue del 7,8%.<\/p>\n","protected":false},"author":2,"featured_media":54220,"comment_status":"open","ping_status":"open","sticky":false,"template":"","format":"standard","meta":{"om_disable_all_campaigns":false,"_monsterinsights_skip_tracking":false,"_monsterinsights_sitenote_active":false,"_monsterinsights_sitenote_note":"","_monsterinsights_sitenote_category":0,"_uf_show_specific_survey":0,"_uf_disable_surveys":false,"jetpack_post_was_ever_published":false,"_jetpack_newsletter_access":"","_jetpack_dont_email_post_to_subs":false,"_jetpack_newsletter_tier_id":0,"_jetpack_memberships_contains_paywalled_content":false,"_jetpack_memberships_contains_paid_content":false,"footnotes":"","jetpack_publicize_message":"","jetpack_publicize_feature_enabled":true,"jetpack_social_post_already_shared":true,"jetpack_social_options":{"image_generator_settings":{"template":"highway","default_image_id":0,"font":"","enabled":false},"version":2}},"categories":[4,2],"tags":[264,263,265,269],"class_list":["post-54219","post","type-post","status-publish","format-standard","has-post-thumbnail","hentry","category-destacadas","category-economia","tag-datos","tag-indec","tag-inflacion","tag-mayo"],"aioseo_notices":[],"views":11,"jetpack_publicize_connections":[],"jetpack_featured_media_url":"https:\/\/i0.wp.com\/elterritorialweb.com.ar\/web\/wp-content\/uploads\/2023\/06\/INFLACION.jpg?fit=715%2C402&ssl=1","jetpack_sharing_enabled":true,"_links":{"self":[{"href":"https:\/\/elterritorialweb.com.ar\/web\/wp-json\/wp\/v2\/posts\/54219","targetHints":{"allow":["GET"]}}],"collection":[{"href":"https:\/\/elterritorialweb.com.ar\/web\/wp-json\/wp\/v2\/posts"}],"about":[{"href":"https:\/\/elterritorialweb.com.ar\/web\/wp-json\/wp\/v2\/types\/post"}],"author":[{"embeddable":true,"href":"https:\/\/elterritorialweb.com.ar\/web\/wp-json\/wp\/v2\/users\/2"}],"replies":[{"embeddable":true,"href":"https:\/\/elterritorialweb.com.ar\/web\/wp-json\/wp\/v2\/comments?post=54219"}],"version-history":[{"count":1,"href":"https:\/\/elterritorialweb.com.ar\/web\/wp-json\/wp\/v2\/posts\/54219\/revisions"}],"predecessor-version":[{"id":54221,"href":"https:\/\/elterritorialweb.com.ar\/web\/wp-json\/wp\/v2\/posts\/54219\/revisions\/54221"}],"wp:featuredmedia":[{"embeddable":true,"href":"https:\/\/elterritorialweb.com.ar\/web\/wp-json\/wp\/v2\/media\/54220"}],"wp:attachment":[{"href":"https:\/\/elterritorialweb.com.ar\/web\/wp-json\/wp\/v2\/media?parent=54219"}],"wp:term":[{"taxonomy":"category","embeddable":true,"href":"https:\/\/elterritorialweb.com.ar\/web\/wp-json\/wp\/v2\/categories?post=54219"},{"taxonomy":"post_tag","embeddable":true,"href":"https:\/\/elterritorialweb.com.ar\/web\/wp-json\/wp\/v2\/tags?post=54219"}],"curies":[{"name":"wp","href":"https:\/\/api.w.org\/{rel}","templated":true}]}}