{"id":54222,"date":"2023-06-15T01:14:50","date_gmt":"2023-06-15T01:14:50","guid":{"rendered":"http:\/\/elterritorialweb.com.ar\/web\/?p=54222"},"modified":"2023-06-15T01:14:52","modified_gmt":"2023-06-15T01:14:52","slug":"presentaron-el-programa-mis-primeros-1-700-dias-en-lilo-viejo","status":"publish","type":"post","link":"https:\/\/elterritorialweb.com.ar\/web\/presentaron-el-programa-mis-primeros-1-700-dias-en-lilo-viejo\/","title":{"rendered":"PRESENTARON EL PROGRAMA \u00abMIS PRIMEROS 1.700 DIAS\u00bb EN LILO VIEJO"},"content":{"rendered":"\n<p>Con la participaci\u00f3n de docentes, alumnos y padres, se hizo la presentaci\u00f3n de este programa que beneficiar\u00e1 de manera directa a familias de los parajes y localidades de Pozo del Casta\u00f1o, Mar\u00eda Ang\u00e9lica, Patay, Quilumpa, El Canchoncito, El Prado, 9 de Julio, Teresita, El Puesto, Aybal, Lote 3 y La Elsita.<br>El lanzamiento estuvo a cargo del titular del programa, Benjam\u00edn Coria, junto a la comisionada de Lilo Viejo, Antonia Del Valle Serrano, acompa\u00f1ados por la directora de la instituci\u00f3n, Silvia Noem\u00ed Su\u00e1rez.<\/p>\n\n\n\n<figure class=\"wp-block-image size-large\"><a href=\"https:\/\/i0.wp.com\/elterritorialweb.com.ar\/web\/wp-content\/uploads\/2023\/06\/WhatsApp-Image-2023-06-14-at-16.08.37.jpeg\"><img data-recalc-dims=\"1\" decoding=\"async\" width=\"640\" height=\"426\" data-src=\"https:\/\/i0.wp.com\/elterritorialweb.com.ar\/web\/wp-content\/uploads\/2023\/06\/WhatsApp-Image-2023-06-14-at-16.08.37.jpeg?resize=640%2C426\" alt=\"\" class=\"wp-image-54223 lazyload\" data-srcset=\"https:\/\/i0.wp.com\/elterritorialweb.com.ar\/web\/wp-content\/uploads\/2023\/06\/WhatsApp-Image-2023-06-14-at-16.08.37.jpeg?resize=1024%2C682&amp;ssl=1 1024w, https:\/\/i0.wp.com\/elterritorialweb.com.ar\/web\/wp-content\/uploads\/2023\/06\/WhatsApp-Image-2023-06-14-at-16.08.37.jpeg?resize=300%2C200&amp;ssl=1 300w, https:\/\/i0.wp.com\/elterritorialweb.com.ar\/web\/wp-content\/uploads\/2023\/06\/WhatsApp-Image-2023-06-14-at-16.08.37.jpeg?resize=768%2C512&amp;ssl=1 768w, https:\/\/i0.wp.com\/elterritorialweb.com.ar\/web\/wp-content\/uploads\/2023\/06\/WhatsApp-Image-2023-06-14-at-16.08.37.jpeg?w=1280&amp;ssl=1 1280w\" data-sizes=\"(max-width: 640px) 100vw, 640px\" src=\"data:image\/svg+xml;base64,PHN2ZyB3aWR0aD0iMSIgaGVpZ2h0PSIxIiB4bWxucz0iaHR0cDovL3d3dy53My5vcmcvMjAwMC9zdmciPjwvc3ZnPg==\" style=\"--smush-placeholder-width: 640px; --smush-placeholder-aspect-ratio: 640\/426;\" \/><\/a><\/figure>\n\n\n\n<p>En este marco, Coria manifest\u00f3 dijo que \u00abel objetivo es seguir sumando al padr\u00f3n m\u00e1s familias\u00bb y remarc\u00f3 que la finalidad es llegar a todos los rincones de la provincia.<br>Por su parte, Serrano dijo que esta es \u00abuna etapa importante para todos los ni\u00f1os; debemos cuidarlos y complementar cada alimentaci\u00f3n con este suplemento\u00bb.<\/p>\n","protected":false},"excerpt":{"rendered":"<p>Este mi\u00e9rcoles a la ma\u00f1ana, en la Escuela Coronel Lorenzo Lugones N\u00b0210 de la localidad de Lilo Viejo, departamento Moreno, se realiz\u00f3 el lanzamiento del Programa Provincial \u00abMis Primeros 1.700 D\u00edas\u00bb <\/p>\n","protected":false},"author":2,"featured_media":54224,"comment_status":"open","ping_status":"open","sticky":false,"template":"","format":"standard","meta":{"om_disable_all_campaigns":false,"_monsterinsights_skip_tracking":false,"_monsterinsights_sitenote_active":false,"_monsterinsights_sitenote_note":"","_monsterinsights_sitenote_category":0,"_uf_show_specific_survey":0,"_uf_disable_surveys":false,"jetpack_post_was_ever_published":false,"_jetpack_newsletter_access":"","_jetpack_dont_email_post_to_subs":false,"_jetpack_newsletter_tier_id":0,"_jetpack_memberships_contains_paywalled_content":false,"_jetpack_memberships_contains_paid_content":false,"footnotes":"","jetpack_publicize_message":"","jetpack_publicize_feature_enabled":true,"jetpack_social_post_already_shared":true,"jetpack_social_options":{"image_generator_settings":{"template":"highway","default_image_id":0,"font":"","enabled":false},"version":2}},"categories":[21],"tags":[49,174],"class_list":["post-54222","post","type-post","status-publish","format-standard","has-post-thumbnail","hentry","category-locales","tag-gobierno-de-santiago-del-estero","tag-programa-mis-primeros-1700-dias"],"aioseo_notices":[],"views":19,"jetpack_publicize_connections":[],"jetpack_featured_media_url":"https:\/\/i0.wp.com\/elterritorialweb.com.ar\/web\/wp-content\/uploads\/2023\/06\/WhatsApp-Image-2023-06-14-at-16.08.36.jpeg?fit=1280%2C853&ssl=1","jetpack_sharing_enabled":true,"_links":{"self":[{"href":"https:\/\/elterritorialweb.com.ar\/web\/wp-json\/wp\/v2\/posts\/54222","targetHints":{"allow":["GET"]}}],"collection":[{"href":"https:\/\/elterritorialweb.com.ar\/web\/wp-json\/wp\/v2\/posts"}],"about":[{"href":"https:\/\/elterritorialweb.com.ar\/web\/wp-json\/wp\/v2\/types\/post"}],"author":[{"embeddable":true,"href":"https:\/\/elterritorialweb.com.ar\/web\/wp-json\/wp\/v2\/users\/2"}],"replies":[{"embeddable":true,"href":"https:\/\/elterritorialweb.com.ar\/web\/wp-json\/wp\/v2\/comments?post=54222"}],"version-history":[{"count":1,"href":"https:\/\/elterritorialweb.com.ar\/web\/wp-json\/wp\/v2\/posts\/54222\/revisions"}],"predecessor-version":[{"id":54225,"href":"https:\/\/elterritorialweb.com.ar\/web\/wp-json\/wp\/v2\/posts\/54222\/revisions\/54225"}],"wp:featuredmedia":[{"embeddable":true,"href":"https:\/\/elterritorialweb.com.ar\/web\/wp-json\/wp\/v2\/media\/54224"}],"wp:attachment":[{"href":"https:\/\/elterritorialweb.com.ar\/web\/wp-json\/wp\/v2\/media?parent=54222"}],"wp:term":[{"taxonomy":"category","embeddable":true,"href":"https:\/\/elterritorialweb.com.ar\/web\/wp-json\/wp\/v2\/categories?post=54222"},{"taxonomy":"post_tag","embeddable":true,"href":"https:\/\/elterritorialweb.com.ar\/web\/wp-json\/wp\/v2\/tags?post=54222"}],"curies":[{"name":"wp","href":"https:\/\/api.w.org\/{rel}","templated":true}]}}