{"id":54226,"date":"2023-06-15T01:20:26","date_gmt":"2023-06-15T01:20:26","guid":{"rendered":"http:\/\/elterritorialweb.com.ar\/web\/?p=54226"},"modified":"2023-06-15T01:20:30","modified_gmt":"2023-06-15T01:20:30","slug":"se-llevo-a-cabo-una-jornada-sobre-enfermedades-cronicas-no-transmitibles","status":"publish","type":"post","link":"https:\/\/elterritorialweb.com.ar\/web\/se-llevo-a-cabo-una-jornada-sobre-enfermedades-cronicas-no-transmitibles\/","title":{"rendered":"SE LLEVO A CABO UNA JORNADA SOBRE ENFERMEDADES CR\u00d3NICAS NO TRANSMITIBLES"},"content":{"rendered":"\n<p>Estas enfermedades constituyen una verdadera pandemia a nivel mundial y son la primera causa de muerte, discapacidad y complicaciones en la poblaci\u00f3n. Principalmente las enfermedades cardiovasculares (infartos, ACV, insuficiencia renal, etc) y la diabetes provocan el 80% de las muertes prematuras que causan las ENT.<br>En el plenario de cierre particip\u00f3 la ministra de Salud, Lic. Natividad Nassif; el Dr. Nicol\u00e1s Haeberer, director nacional de Abordaje Integral de ECNT; la Dra Julieta M\u00e9ndez, coordinadora del Programa Nacional de Diabetes; el Dr. Sebasti\u00e1n Laspiur, consultor de ENT de la OPS Argentina; el Dr Augusto Vallejos, coordinador del programa de Abordaje Integral de Enfermedades Renales; la Dra Alejandra Alcuaz, consultora ENT del Ministerio de Salud de la Naci\u00f3n y el Dr. Hugo Feraud, asesor de gabinete del Ministerio de Salud de la Naci\u00f3n.<br>En la mesa, donde se hizo un intercambio con los participantes, tambi\u00e9n estuvieron el Dr. Luis Orellana, coordinador de la Unidad de Enfermedades Cr\u00f3nicas, la Dra Laura Guevel del Programa Redes y la directora del Interior, Dra Graciela Alsogaray.<br>\u201cLas enfermedades no transmisibles son la principal causa de muerte de la poblaci\u00f3n mundial. Por esta raz\u00f3n, el ministerio viene trabajando en diferentes abordajes de prevenci\u00f3n promoci\u00f3n, detecci\u00f3n y tratamiento oportuno\u201d, afirm\u00f3 la ministra Nassif.<br>En este sentido destac\u00f3 la gobernanza de la Naci\u00f3n y el desarrollo de herramientas e innovaciones tecnol\u00f3gicas, tanto a nivel provincia como nacional, que est\u00e1n permitiendo mejorar el acceso a la detecci\u00f3n temprana y la accesibilidad a tratamientos de calidad,<br>\u201cEstamos comprometidos con las metas propuestas para disminuir la enfermedad no transmisibles como son hipertensi\u00f3n arterial la diabetes y la enfermedad renal cr\u00f3nica; a trav\u00e9s de la estrategia Hearts\u201d dijo la ministra, al tiempo que anunci\u00f3 que en el Smart City se present\u00f3 este mi\u00e9rcoles una nueva tecnolog\u00eda desarrollada en la provincia \u201cpara identificar en la poblaci\u00f3n que hoy tenemos georreferenciada, a aquellas personas que puede presentar riesgos de hipertensi\u00f3n, diabetes, enfermedades cardiovasculares, generando una alerta en el primer nivel de atenci\u00f3n, para brindar atenci\u00f3n y seguimiento\u201d, explic\u00f3.<br>\u201cDe Naci\u00f3n estamos muy contentos con la provincia porque se est\u00e1n integrando efectivamente las acciones\u201d, afirm\u00f3 el Dr. Haeberer, quien se\u00f1al\u00f3 que Santiago es una de las primeras provincias en trabajar en entornos saludables, escuelas, instituciones y lugares de trabajo. Coment\u00f3 que en esta oportunidad \u201cse est\u00e1 presentando un protocolo de hipertensi\u00f3n estandarizado, para diabetes y enfermedad renal de implementaci\u00f3n t\u00e9cnica que la provincia hace propio\u201d.<br>Los malos h\u00e1bitos de vida, principalmente de consumo de tabaco, la inactividad f\u00edsica, el consumo excesivo de alcohol y la alimentaci\u00f3n poco saludable con un aumento en el sobrepeso y obesidad, amenaza a nuestras pr\u00f3ximas generaciones con el aumento de la morbimortalidad.<br>De la organizaci\u00f3n de la jornada participaron las direcciones de APS, Interior, la Unidad de Enfermedades Cr\u00f3nicas, los programas Sumar; Redes y Proteger, el Municipio de la Capital y la Direcci\u00f3n Nacional de abordaje de enfermedades no transmisibles.<\/p>\n","protected":false},"excerpt":{"rendered":"<p>Con la presencia de autoridades sanitarias de la provincia y de la Naci\u00f3n y la participaci\u00f3n de los equipos de Salud de la Capital, La Banda y el interior, se llev\u00f3 a cabo este mi\u00e9rcoles una jornada que tuvo como objetivo reforzar la implementaci\u00f3n de v\u00edas cl\u00ednicas y herramientas para la prevenci\u00f3n y el tratamiento de enfermedades no transmisibles (ENT) como son las cardiovasculares, los c\u00e1nceres, las enfermedades respiratorias cr\u00f3nicas y la diabetes.<\/p>\n","protected":false},"author":2,"featured_media":54227,"comment_status":"open","ping_status":"open","sticky":false,"template":"","format":"standard","meta":{"om_disable_all_campaigns":false,"_monsterinsights_skip_tracking":false,"_monsterinsights_sitenote_active":false,"_monsterinsights_sitenote_note":"","_monsterinsights_sitenote_category":0,"_uf_show_specific_survey":0,"_uf_disable_surveys":false,"jetpack_post_was_ever_published":false,"_jetpack_newsletter_access":"","_jetpack_dont_email_post_to_subs":false,"_jetpack_newsletter_tier_id":0,"_jetpack_memberships_contains_paywalled_content":false,"_jetpack_memberships_contains_paid_content":false,"footnotes":"","jetpack_publicize_message":"","jetpack_publicize_feature_enabled":true,"jetpack_social_post_already_shared":true,"jetpack_social_options":{"image_generator_settings":{"template":"highway","default_image_id":0,"font":"","enabled":false},"version":2}},"categories":[3],"tags":[],"class_list":["post-54226","post","type-post","status-publish","format-standard","has-post-thumbnail","hentry","category-salud"],"aioseo_notices":[],"views":13,"jetpack_publicize_connections":[],"jetpack_featured_media_url":"https:\/\/i0.wp.com\/elterritorialweb.com.ar\/web\/wp-content\/uploads\/2023\/06\/WhatsApp-Image-2023-06-14-at-19.42.36.jpeg?fit=1600%2C1059&ssl=1","jetpack_sharing_enabled":true,"_links":{"self":[{"href":"https:\/\/elterritorialweb.com.ar\/web\/wp-json\/wp\/v2\/posts\/54226","targetHints":{"allow":["GET"]}}],"collection":[{"href":"https:\/\/elterritorialweb.com.ar\/web\/wp-json\/wp\/v2\/posts"}],"about":[{"href":"https:\/\/elterritorialweb.com.ar\/web\/wp-json\/wp\/v2\/types\/post"}],"author":[{"embeddable":true,"href":"https:\/\/elterritorialweb.com.ar\/web\/wp-json\/wp\/v2\/users\/2"}],"replies":[{"embeddable":true,"href":"https:\/\/elterritorialweb.com.ar\/web\/wp-json\/wp\/v2\/comments?post=54226"}],"version-history":[{"count":1,"href":"https:\/\/elterritorialweb.com.ar\/web\/wp-json\/wp\/v2\/posts\/54226\/revisions"}],"predecessor-version":[{"id":54228,"href":"https:\/\/elterritorialweb.com.ar\/web\/wp-json\/wp\/v2\/posts\/54226\/revisions\/54228"}],"wp:featuredmedia":[{"embeddable":true,"href":"https:\/\/elterritorialweb.com.ar\/web\/wp-json\/wp\/v2\/media\/54227"}],"wp:attachment":[{"href":"https:\/\/elterritorialweb.com.ar\/web\/wp-json\/wp\/v2\/media?parent=54226"}],"wp:term":[{"taxonomy":"category","embeddable":true,"href":"https:\/\/elterritorialweb.com.ar\/web\/wp-json\/wp\/v2\/categories?post=54226"},{"taxonomy":"post_tag","embeddable":true,"href":"https:\/\/elterritorialweb.com.ar\/web\/wp-json\/wp\/v2\/tags?post=54226"}],"curies":[{"name":"wp","href":"https:\/\/api.w.org\/{rel}","templated":true}]}}