{"id":54229,"date":"2023-06-15T01:58:53","date_gmt":"2023-06-15T01:58:53","guid":{"rendered":"http:\/\/elterritorialweb.com.ar\/web\/?p=54229"},"modified":"2023-06-15T01:58:55","modified_gmt":"2023-06-15T01:58:55","slug":"el-frente-de-todos-ahora-se-llamara-union-por-la-patria-para-las-elleciones-2023","status":"publish","type":"post","link":"https:\/\/elterritorialweb.com.ar\/web\/el-frente-de-todos-ahora-se-llamara-union-por-la-patria-para-las-elleciones-2023\/","title":{"rendered":"EL FRENTE DE TODOS AHORA SE LLAMAR\u00c1 UNI\u00d3N POR LA PATRIA PARA LAS ELLECIONES 2023"},"content":{"rendered":"\n<p><strong>El Frente de Todos cambiar\u00e1 su nombre a Uni\u00f3n por la Patria de cara a las Elecciones 2023.<\/strong>\u00a0La decisi\u00f3n se anunci\u00f3 este mi\u00e9rcoles por la tarde,\u00a0horas antes del plazo legal para el cierre de alianzas\u00a0fijado por la C\u00e1mara Nacional Electoral.<\/p>\n\n\n\n<p>Esta medianoche vence el plazo para la inscripci\u00f3n de alianzas, en tanto que\u00a0<strong>para presentar candidaturas hay tiempo hasta el 24 de junio<\/strong>.<\/p>\n\n\n\n<p>Por el momento, no est\u00e1 definido si habr\u00e1 PASO o si se podr\u00e1 encontrar el consenso que permita un candidato \u00fanico.<\/p>\n\n\n\n<p>A contrarreloj,&nbsp;<strong>se negocian los t\u00e9rminos para definir si se podr\u00e1 encontrar el consenso que permita un candidato \u00fanico u organizar la competencia interna en las primarias, abiertas, simult\u00e1neas y obligatorias<\/strong>&nbsp;(PASO).<\/p>\n\n\n\n<p>La diputada&nbsp;<strong>Diana Conti<\/strong>&nbsp;le confirm\u00f3 esta tarde a&nbsp;<strong>C5N&nbsp;<\/strong>que&nbsp;<strong>el nombre Uni\u00f3n por la Patria ya fue incluido en el acta<\/strong>&nbsp;al tiempo que sostuvo que \u00abno fue un pedido de parte de los gobernadores que se realice un cambio de denominaci\u00f3n\u00bb.<\/p>\n\n\n\n<p>En tanto, se refiri\u00f3 al piso m\u00ednimo necesario para colar nombres en la n\u00f3mina definitiva. \u00abEn el reglamento no est\u00e1n establecidas las cl\u00e1usulas que tienen que ver con el piso para acceder a la lista definitiva despu\u00e9s de una PASO.\u00a0<strong>El apoderado del PJ expres\u00f3 p\u00fablicamente que le parece l\u00f3gico el piso de 33%<\/strong>\u00ab, se\u00f1al\u00f3\u00a0respecto a las declaraciones de\u00a0<strong>Eduardo L\u00f3pez Wesselhoefft<\/strong>.<\/p>\n\n\n\n<p>Por \u00faltimo, Conti indic\u00f3 que \u00ab<strong>no descarto un candidato de unidad ya que nos da m\u00e1s potencia<\/strong>\u00ab.<\/p>\n\n\n\n<p>Uno de los lugares centrales de las negociaciones es la sede hist\u00f3rica del Partido Justicialista (PJ), ubicado en Matheu 130 de la CABA, encabezadas por el gobernador de Formosa, Gildo Insfr\u00e1n, quien tiene el aval del partido para autorizar la constituci\u00f3n de la alianza: hacia esa sede se dirigen durante la tarde y la noche los principales referentes del FDT para rubricar las actas nacionales.<\/p>\n\n\n\n<p>Mientras tanto, se suceden distintas reuniones y comunicaciones telef\u00f3nicas reservadas de \u00faltimo momento entre los diferentes espacios que componen la coalici\u00f3n oficialista.<\/p>\n\n\n\n<p>Tambi\u00e9n hay pujas abiertas respecto a partir de qu\u00e9 puesto de la n\u00f3mina de diputados nacionales por la provincia de Buenos Aires, la lista perdedora en las PASO podr\u00e1 incluir nombres propios en la definitiva que competir\u00e1 en la elecci\u00f3n general.<\/p>\n","protected":false},"excerpt":{"rendered":"<p>La coalici\u00f3n oficialista cambi\u00f3 su nominaci\u00f3n de cara a las PASO que se celebrar\u00e1n el 13 de agosto. Esta medianoche vence el plazo de la Comisi\u00f3n Nacional Electoral para la inscripci\u00f3n de alianzas.<\/p>\n","protected":false},"author":2,"featured_media":54230,"comment_status":"open","ping_status":"open","sticky":false,"template":"","format":"standard","meta":{"om_disable_all_campaigns":false,"_monsterinsights_skip_tracking":false,"_monsterinsights_sitenote_active":false,"_monsterinsights_sitenote_note":"","_monsterinsights_sitenote_category":0,"_uf_show_specific_survey":0,"_uf_disable_surveys":false,"jetpack_post_was_ever_published":false,"_jetpack_newsletter_access":"","_jetpack_dont_email_post_to_subs":false,"_jetpack_newsletter_tier_id":0,"_jetpack_memberships_contains_paywalled_content":false,"_jetpack_memberships_contains_paid_content":false,"footnotes":"","jetpack_publicize_message":"","jetpack_publicize_feature_enabled":true,"jetpack_social_post_already_shared":true,"jetpack_social_options":{"image_generator_settings":{"template":"highway","default_image_id":0,"font":"","enabled":false},"version":2}},"categories":[18],"tags":[260,271,272],"class_list":["post-54229","post","type-post","status-publish","format-standard","has-post-thumbnail","hentry","category-politica","tag-elecciones-2023","tag-frente-de-todos","tag-union-por-la-patria"],"aioseo_notices":[],"views":17,"jetpack_publicize_connections":[],"jetpack_featured_media_url":"https:\/\/i0.wp.com\/elterritorialweb.com.ar\/web\/wp-content\/uploads\/2023\/06\/CRISTINA-KIRCHNER.jpg?fit=1280%2C853&ssl=1","jetpack_sharing_enabled":true,"_links":{"self":[{"href":"https:\/\/elterritorialweb.com.ar\/web\/wp-json\/wp\/v2\/posts\/54229","targetHints":{"allow":["GET"]}}],"collection":[{"href":"https:\/\/elterritorialweb.com.ar\/web\/wp-json\/wp\/v2\/posts"}],"about":[{"href":"https:\/\/elterritorialweb.com.ar\/web\/wp-json\/wp\/v2\/types\/post"}],"author":[{"embeddable":true,"href":"https:\/\/elterritorialweb.com.ar\/web\/wp-json\/wp\/v2\/users\/2"}],"replies":[{"embeddable":true,"href":"https:\/\/elterritorialweb.com.ar\/web\/wp-json\/wp\/v2\/comments?post=54229"}],"version-history":[{"count":1,"href":"https:\/\/elterritorialweb.com.ar\/web\/wp-json\/wp\/v2\/posts\/54229\/revisions"}],"predecessor-version":[{"id":54231,"href":"https:\/\/elterritorialweb.com.ar\/web\/wp-json\/wp\/v2\/posts\/54229\/revisions\/54231"}],"wp:featuredmedia":[{"embeddable":true,"href":"https:\/\/elterritorialweb.com.ar\/web\/wp-json\/wp\/v2\/media\/54230"}],"wp:attachment":[{"href":"https:\/\/elterritorialweb.com.ar\/web\/wp-json\/wp\/v2\/media?parent=54229"}],"wp:term":[{"taxonomy":"category","embeddable":true,"href":"https:\/\/elterritorialweb.com.ar\/web\/wp-json\/wp\/v2\/categories?post=54229"},{"taxonomy":"post_tag","embeddable":true,"href":"https:\/\/elterritorialweb.com.ar\/web\/wp-json\/wp\/v2\/tags?post=54229"}],"curies":[{"name":"wp","href":"https:\/\/api.w.org\/{rel}","templated":true}]}}