{"id":54232,"date":"2023-06-15T02:15:58","date_gmt":"2023-06-15T02:15:58","guid":{"rendered":"http:\/\/elterritorialweb.com.ar\/web\/?p=54232"},"modified":"2023-06-15T02:16:02","modified_gmt":"2023-06-15T02:16:02","slug":"riquelme-anuncio-su-partido-despedida-con-la-presencia-de-messi","status":"publish","type":"post","link":"https:\/\/elterritorialweb.com.ar\/web\/riquelme-anuncio-su-partido-despedida-con-la-presencia-de-messi\/","title":{"rendered":"RIQUELME ANUNCI\u00d3 SU PARTIDO DESPEDIDA CON LA PRESENCIA DE MESSI"},"content":{"rendered":"\n<p>El vicepresidente de Boca\u00a0<strong>Juan Rom\u00e1n Riquelme<\/strong>\u00a0anunci\u00f3 su partido despedida en una conferencia de prensa en La Bombonera y confirm\u00f3 que estar\u00e1 presente el capit\u00e1n de la Selecci\u00f3n argentina,\u00a0<strong>Lionel Messi.<\/strong><\/p>\n\n\n\n<p>Riquelme expres\u00f3 que Messi formar\u00e1 parte del partido despedida, que ser\u00e1 el pr\u00f3ximo 25 de junio, y elogi\u00f3 al futbolista:&nbsp;<strong>\u00abMessi va a estar. Para m\u00ed es un sue\u00f1o.<\/strong>&nbsp;Es el jugador m\u00e1s grande de todos los tiempos para muchos. Nosotros tuvimos la suerte de tener a Maradona y a \u00e9l\u00bb.<\/p>\n\n\n\n<p>El exfutbolista tambi\u00e9n expuso su alegr\u00eda por la realizaci\u00f3n del homenaje. \u00abMe vuelvo a poner el buzo del club y es como volver el tiempo atr\u00e1s.&nbsp;<strong>Es volver al jard\u00edn de casa.&nbsp;<\/strong>Sin dudas que ser\u00e1 un domingo lindo. Yo tambi\u00e9n disfrutar\u00e9 mucho. Me siento afortunado porque es una pel\u00edcula para m\u00ed, que es la m\u00e1s linda que puede so\u00f1ar un chico. Falta menos para entrar a la cancha m\u00e1s linda del mundo\u00bb, manifest\u00f3.<\/p>\n\n\n\n<p>En este sentido, el vicepresidente del Xeneize mostr\u00f3 su expectativa de cara al encuentro de despedida: \u00abSeguramente el 25 de junio volveremos a disfrutar con la gente y&nbsp;<strong>ser\u00e1 un gran d\u00eda<\/strong>. Poder estar en este momento y que la gente tenga ganas de venir a la cancha es demasiado. Esperamos disfrutar mucho.<strong>&nbsp;La Bombonera volver\u00e1 a ser una maravilla<\/strong>, como siempre. Quiero disfrutar de cada minuto y cada d\u00eda. Esperemos pasarlo lindo\u00bb.<\/p>\n\n\n\n<p>\u00abLos bosteros somos muchos, sin duda. Tengo que ser consciente de que cada d\u00eda de que pasa, no entiendo por qu\u00e9 me tienen tanto cari\u00f1o. S\u00e9 que no todos los hinchas van a poder entrar a la cancha. No entiendo que me den tanto cari\u00f1o, solamente darles las gracias.&nbsp;<strong>Nunca pens\u00e9 que la gente me iba a querer tanto, que iba a tener una estatua, que iba a tener un partido despedida\u00bb<\/strong>, destac\u00f3 Riquelme sobre el p\u00fablico del Xeneize.<\/p>\n","protected":false},"excerpt":{"rendered":"<p>El vicepresidente de Boca anunci\u00f3 el partido que se llevar\u00e1 a cabo el pr\u00f3ximo 25 de junio y en el que muchas figuras fueron invitadas.<\/p>\n","protected":false},"author":2,"featured_media":54233,"comment_status":"open","ping_status":"open","sticky":false,"template":"","format":"standard","meta":{"om_disable_all_campaigns":false,"_monsterinsights_skip_tracking":false,"_monsterinsights_sitenote_active":false,"_monsterinsights_sitenote_note":"","_monsterinsights_sitenote_category":0,"_uf_show_specific_survey":0,"_uf_disable_surveys":false,"jetpack_post_was_ever_published":false,"_jetpack_newsletter_access":"","_jetpack_dont_email_post_to_subs":false,"_jetpack_newsletter_tier_id":0,"_jetpack_memberships_contains_paywalled_content":false,"_jetpack_memberships_contains_paid_content":false,"footnotes":"","jetpack_publicize_message":"","jetpack_publicize_feature_enabled":true,"jetpack_social_post_already_shared":true,"jetpack_social_options":{"image_generator_settings":{"template":"highway","default_image_id":0,"font":"","enabled":false},"version":2}},"categories":[6],"tags":[196,273,90,274],"class_list":["post-54232","post","type-post","status-publish","format-standard","has-post-thumbnail","hentry","category-deportes","tag-bombonera","tag-juan-roman-riquelme","tag-lionel-messi","tag-partido-despedida"],"aioseo_notices":[],"views":12,"jetpack_publicize_connections":[],"jetpack_featured_media_url":"https:\/\/i0.wp.com\/elterritorialweb.com.ar\/web\/wp-content\/uploads\/2023\/06\/riquelme-despedida-e1686795342237.jpg?fit=583%2C391&ssl=1","jetpack_sharing_enabled":true,"_links":{"self":[{"href":"https:\/\/elterritorialweb.com.ar\/web\/wp-json\/wp\/v2\/posts\/54232","targetHints":{"allow":["GET"]}}],"collection":[{"href":"https:\/\/elterritorialweb.com.ar\/web\/wp-json\/wp\/v2\/posts"}],"about":[{"href":"https:\/\/elterritorialweb.com.ar\/web\/wp-json\/wp\/v2\/types\/post"}],"author":[{"embeddable":true,"href":"https:\/\/elterritorialweb.com.ar\/web\/wp-json\/wp\/v2\/users\/2"}],"replies":[{"embeddable":true,"href":"https:\/\/elterritorialweb.com.ar\/web\/wp-json\/wp\/v2\/comments?post=54232"}],"version-history":[{"count":1,"href":"https:\/\/elterritorialweb.com.ar\/web\/wp-json\/wp\/v2\/posts\/54232\/revisions"}],"predecessor-version":[{"id":54234,"href":"https:\/\/elterritorialweb.com.ar\/web\/wp-json\/wp\/v2\/posts\/54232\/revisions\/54234"}],"wp:featuredmedia":[{"embeddable":true,"href":"https:\/\/elterritorialweb.com.ar\/web\/wp-json\/wp\/v2\/media\/54233"}],"wp:attachment":[{"href":"https:\/\/elterritorialweb.com.ar\/web\/wp-json\/wp\/v2\/media?parent=54232"}],"wp:term":[{"taxonomy":"category","embeddable":true,"href":"https:\/\/elterritorialweb.com.ar\/web\/wp-json\/wp\/v2\/categories?post=54232"},{"taxonomy":"post_tag","embeddable":true,"href":"https:\/\/elterritorialweb.com.ar\/web\/wp-json\/wp\/v2\/tags?post=54232"}],"curies":[{"name":"wp","href":"https:\/\/api.w.org\/{rel}","templated":true}]}}