{"id":54255,"date":"2023-06-15T17:46:56","date_gmt":"2023-06-15T17:46:56","guid":{"rendered":"http:\/\/elterritorialweb.com.ar\/web\/?p=54255"},"modified":"2023-06-15T17:46:59","modified_gmt":"2023-06-15T17:46:59","slug":"entregan-asistencia-social-a-una-vecina-del-paraje-rural-lujan","status":"publish","type":"post","link":"https:\/\/elterritorialweb.com.ar\/web\/entregan-asistencia-social-a-una-vecina-del-paraje-rural-lujan\/","title":{"rendered":"ENTREGAN ASISTENCIA SOCIAL A UNA VECINA DEL PARAJE RURAL LUJAN"},"content":{"rendered":"\n<p>En respuesta a una solicitud de ayuda de una vecina del paraje rural Luj\u00e1n que recientemente sufri\u00f3 un ACV, se han entregado dos elementos de vital importancia para mejorar su calidad de vida. La gesti\u00f3n fue realizada por el Comisionado Marcos Tenaglia, quien se encarg\u00f3 de coordinar con el Ministerio de Desarrollo Social de la provincia.<\/p>\n\n\n\n<p>Con gran emoci\u00f3n y agradecimiento, Elda recibi\u00f3 una silla de ruedas completamente nueva, fabricada con materiales altamente resistentes y dise\u00f1ada para brindar un alto nivel de comodidad y facilidad de<br>movimiento. Adem\u00e1s, tambi\u00e9n se le entreg\u00f3 un andador ortop\u00e9dico plegable, cuyo objetivo es proporcionar estabilidad y facilitar el desplazamiento seguro de personas con movilidad reducida.<\/p>\n\n\n\n<figure class=\"wp-block-image size-large\"><a href=\"https:\/\/i0.wp.com\/elterritorialweb.com.ar\/web\/wp-content\/uploads\/2023\/06\/2390d89a-794a-4c64-a2a8-47e7e3f000e9.jpg\"><img data-recalc-dims=\"1\" decoding=\"async\" width=\"640\" height=\"942\" data-src=\"https:\/\/i0.wp.com\/elterritorialweb.com.ar\/web\/wp-content\/uploads\/2023\/06\/2390d89a-794a-4c64-a2a8-47e7e3f000e9.jpg?resize=640%2C942\" alt=\"\" class=\"wp-image-54256 lazyload\" data-srcset=\"https:\/\/i0.wp.com\/elterritorialweb.com.ar\/web\/wp-content\/uploads\/2023\/06\/2390d89a-794a-4c64-a2a8-47e7e3f000e9.jpg?resize=696%2C1024&amp;ssl=1 696w, https:\/\/i0.wp.com\/elterritorialweb.com.ar\/web\/wp-content\/uploads\/2023\/06\/2390d89a-794a-4c64-a2a8-47e7e3f000e9.jpg?resize=204%2C300&amp;ssl=1 204w, https:\/\/i0.wp.com\/elterritorialweb.com.ar\/web\/wp-content\/uploads\/2023\/06\/2390d89a-794a-4c64-a2a8-47e7e3f000e9.jpg?resize=768%2C1130&amp;ssl=1 768w, https:\/\/i0.wp.com\/elterritorialweb.com.ar\/web\/wp-content\/uploads\/2023\/06\/2390d89a-794a-4c64-a2a8-47e7e3f000e9.jpg?w=870&amp;ssl=1 870w\" data-sizes=\"(max-width: 640px) 100vw, 640px\" src=\"data:image\/svg+xml;base64,PHN2ZyB3aWR0aD0iMSIgaGVpZ2h0PSIxIiB4bWxucz0iaHR0cDovL3d3dy53My5vcmcvMjAwMC9zdmciPjwvc3ZnPg==\" style=\"--smush-placeholder-width: 640px; --smush-placeholder-aspect-ratio: 640\/942;\" \/><\/a><\/figure>\n\n\n\n<p>El Comisionado Marcos Tenaglia expres\u00f3 su agradecimiento por la pronta respuesta del Lic. Ramiro Banco, subsecretario de Desarrollo Social, Promoci\u00f3n Humana y Relaciones Institucionales con la Comunidad, as\u00ed como del Dr. \u00c1ngel Nicolai, Ministro de Desarrollo Social de la provincia. Su constante apoyo y compromiso con los vecinos de Garza y los parajes vecinos han sido fundamentales para brindar asistencia en cada oportunidad que se presenta.<\/p>\n","protected":false},"excerpt":{"rendered":"<p>La entrega se realiz\u00f3 a trav\u00e9s de la Comisi\u00f3n Municipal de Garza en coordinaci\u00f3n con el Ministerio de Desarrollo Social de la provicia.<\/p>\n","protected":false},"author":2,"featured_media":54257,"comment_status":"open","ping_status":"open","sticky":false,"template":"","format":"standard","meta":{"om_disable_all_campaigns":false,"_monsterinsights_skip_tracking":false,"_monsterinsights_sitenote_active":false,"_monsterinsights_sitenote_note":"","_monsterinsights_sitenote_category":0,"_uf_show_specific_survey":0,"_uf_disable_surveys":false,"jetpack_post_was_ever_published":false,"_jetpack_newsletter_access":"","_jetpack_dont_email_post_to_subs":false,"_jetpack_newsletter_tier_id":0,"_jetpack_memberships_contains_paywalled_content":false,"_jetpack_memberships_contains_paid_content":false,"footnotes":"","jetpack_publicize_message":"","jetpack_publicize_feature_enabled":true,"jetpack_social_post_already_shared":true,"jetpack_social_options":{"image_generator_settings":{"template":"highway","default_image_id":0,"font":"","enabled":false},"version":2}},"categories":[35],"tags":[277,276,132,278],"class_list":["post-54255","post","type-post","status-publish","format-standard","has-post-thumbnail","hentry","category-interior","tag-asistencia-social","tag-comision-municipal-garza","tag-marcos-tenaglia","tag-ministerio-de-desarrollo-social"],"aioseo_notices":[],"views":10,"jetpack_publicize_connections":[],"jetpack_featured_media_url":"https:\/\/i0.wp.com\/elterritorialweb.com.ar\/web\/wp-content\/uploads\/2023\/06\/504f5a80-4517-4386-8311-32786437ab9a.jpg?fit=1280%2C726&ssl=1","jetpack_sharing_enabled":true,"_links":{"self":[{"href":"https:\/\/elterritorialweb.com.ar\/web\/wp-json\/wp\/v2\/posts\/54255","targetHints":{"allow":["GET"]}}],"collection":[{"href":"https:\/\/elterritorialweb.com.ar\/web\/wp-json\/wp\/v2\/posts"}],"about":[{"href":"https:\/\/elterritorialweb.com.ar\/web\/wp-json\/wp\/v2\/types\/post"}],"author":[{"embeddable":true,"href":"https:\/\/elterritorialweb.com.ar\/web\/wp-json\/wp\/v2\/users\/2"}],"replies":[{"embeddable":true,"href":"https:\/\/elterritorialweb.com.ar\/web\/wp-json\/wp\/v2\/comments?post=54255"}],"version-history":[{"count":1,"href":"https:\/\/elterritorialweb.com.ar\/web\/wp-json\/wp\/v2\/posts\/54255\/revisions"}],"predecessor-version":[{"id":54258,"href":"https:\/\/elterritorialweb.com.ar\/web\/wp-json\/wp\/v2\/posts\/54255\/revisions\/54258"}],"wp:featuredmedia":[{"embeddable":true,"href":"https:\/\/elterritorialweb.com.ar\/web\/wp-json\/wp\/v2\/media\/54257"}],"wp:attachment":[{"href":"https:\/\/elterritorialweb.com.ar\/web\/wp-json\/wp\/v2\/media?parent=54255"}],"wp:term":[{"taxonomy":"category","embeddable":true,"href":"https:\/\/elterritorialweb.com.ar\/web\/wp-json\/wp\/v2\/categories?post=54255"},{"taxonomy":"post_tag","embeddable":true,"href":"https:\/\/elterritorialweb.com.ar\/web\/wp-json\/wp\/v2\/tags?post=54255"}],"curies":[{"name":"wp","href":"https:\/\/api.w.org\/{rel}","templated":true}]}}