{"id":54259,"date":"2023-06-15T18:03:11","date_gmt":"2023-06-15T18:03:11","guid":{"rendered":"http:\/\/elterritorialweb.com.ar\/web\/?p=54259"},"modified":"2023-06-15T18:03:15","modified_gmt":"2023-06-15T18:03:15","slug":"la-policia-de-la-provincia-presento-dos-robots-de-ultima-generacion-unicos-en-el-pais","status":"publish","type":"post","link":"https:\/\/elterritorialweb.com.ar\/web\/la-policia-de-la-provincia-presento-dos-robots-de-ultima-generacion-unicos-en-el-pais\/","title":{"rendered":"LA POLIC\u00cdA DE LA PROVINCIA PRESENT\u00d3 DOS ROBOTS DE \u00daLTIMA GENERACI\u00d3N, \u00daNICOS EN EL PA\u00cdS"},"content":{"rendered":"\n<p>El stand de la polic\u00eda es uno de los m\u00e1s visitados de la muestra que se desarrolla en el Nodo Tecnol\u00f3gico del Parque Industrial de La Banda, donde grandes y chicos demuestran gran inter\u00e9s por esta novedosa herramienta.<br>El subcomisario Santiago Hansen, ingeniero el\u00e9ctrico perteneciente a la Direcci\u00f3n de Desarrollo Tecnol\u00f3gico de la Secretar\u00eda de Seguridad de la Provincia, ofreci\u00f3 detalles de estas herramientas que son \u201cun verdadero salto de calidad en la tarea policial al servicio de la gente\u201d.<br>Los robots fueron bautizados como \u201cCabo Lugones\u201d. Tiene caracter\u00edsticas de un cuadr\u00fapedo, similar a un perro, cuyas particularidades le permiten desplazarse por lugares de dif\u00edcil acceso, adecuado para intervenir en siniestros o situaciones de riesgo para el personal.<br>\u201cEs una herramienta de prevenci\u00f3n fundamentalmente, porque es un dispositivo sobre el cual se pueden agregar muchos otros dispositivos ya existentes, como sensores y la transmisi\u00f3n de la inteligencia artificial que ya tenemos desplegada en toda la provincia. Es un salto de calidad en el programa de seguridad de Santiago del Estero\u201d, dijo.<\/p>\n\n\n\n<figure class=\"wp-block-image size-large\"><a href=\"https:\/\/i0.wp.com\/elterritorialweb.com.ar\/web\/wp-content\/uploads\/2023\/06\/WhatsApp-Image-2023-06-15-at-14.09.30.jpeg\"><img data-recalc-dims=\"1\" decoding=\"async\" width=\"640\" height=\"426\" data-src=\"https:\/\/i0.wp.com\/elterritorialweb.com.ar\/web\/wp-content\/uploads\/2023\/06\/WhatsApp-Image-2023-06-15-at-14.09.30.jpeg?resize=640%2C426\" alt=\"\" class=\"wp-image-54262 lazyload\" data-srcset=\"https:\/\/i0.wp.com\/elterritorialweb.com.ar\/web\/wp-content\/uploads\/2023\/06\/WhatsApp-Image-2023-06-15-at-14.09.30.jpeg?resize=1024%2C682&amp;ssl=1 1024w, https:\/\/i0.wp.com\/elterritorialweb.com.ar\/web\/wp-content\/uploads\/2023\/06\/WhatsApp-Image-2023-06-15-at-14.09.30.jpeg?resize=300%2C200&amp;ssl=1 300w, https:\/\/i0.wp.com\/elterritorialweb.com.ar\/web\/wp-content\/uploads\/2023\/06\/WhatsApp-Image-2023-06-15-at-14.09.30.jpeg?resize=768%2C512&amp;ssl=1 768w, https:\/\/i0.wp.com\/elterritorialweb.com.ar\/web\/wp-content\/uploads\/2023\/06\/WhatsApp-Image-2023-06-15-at-14.09.30.jpeg?resize=1536%2C1023&amp;ssl=1 1536w, https:\/\/i0.wp.com\/elterritorialweb.com.ar\/web\/wp-content\/uploads\/2023\/06\/WhatsApp-Image-2023-06-15-at-14.09.30.jpeg?w=1600&amp;ssl=1 1600w, https:\/\/i0.wp.com\/elterritorialweb.com.ar\/web\/wp-content\/uploads\/2023\/06\/WhatsApp-Image-2023-06-15-at-14.09.30.jpeg?w=1280 1280w\" data-sizes=\"(max-width: 640px) 100vw, 640px\" src=\"data:image\/svg+xml;base64,PHN2ZyB3aWR0aD0iMSIgaGVpZ2h0PSIxIiB4bWxucz0iaHR0cDovL3d3dy53My5vcmcvMjAwMC9zdmciPjwvc3ZnPg==\" style=\"--smush-placeholder-width: 640px; --smush-placeholder-aspect-ratio: 640\/426;\" \/><\/a><\/figure>\n\n\n\n<p>Explic\u00f3 que estos equipos pueden trabajar de dos formas: telecomandada a trav\u00e9s de un operador para que despliegue determinada informaci\u00f3n. O bien desplazarse con su inteligencia artificial para cumplir una misi\u00f3n, como es el caso de situaciones peligrosas como incendios o derrumbes donde el dispositivo puede detectar vida, gases peligrosos, humo u otros elementos que representen un peligro.<br>\u201cActualmente Santiago del Estero es la \u00fanica provincia argentina que adquiri\u00f3 este tipo de tecnolog\u00eda incluso en Latinoam\u00e9rica. Es algo muy nuevo que lleg\u00f3 al pa\u00eds hace una semana\u201d, afirm\u00f3 el subcomisario.<br>En este sentido, resalt\u00f3 \u201cel valor de haber trabajo exclusivamente con personal de la fuerza, formado en la Escuela de Polic\u00eda, profesionales con estado policial que trabajan juntos desde el 2007 y que ha desarrollado un sentimiento de pertenencia importante, que con el apoyo de la superioridad est\u00e1 dando importantes frutos para la provincia\u201d.<\/p>\n","protected":false},"excerpt":{"rendered":"<p>Como parte del proceso de modernizaci\u00f3n de las fuerzas de seguridad de la provincia, la Polic\u00eda de Santiago del Estero present\u00f3 en la segunda edici\u00f3n de la Smart City Expo dos robots de \u00faltima generaci\u00f3n, con caracter\u00edsticas de un perro, adquiridos en China como una sofisticada herramienta, \u00fanica en Sudam\u00e9rica, para acompa\u00f1ar en el trabajo de control y prevenci\u00f3n.<\/p>\n","protected":false},"author":2,"featured_media":54263,"comment_status":"open","ping_status":"open","sticky":false,"template":"","format":"standard","meta":{"om_disable_all_campaigns":false,"_monsterinsights_skip_tracking":false,"_monsterinsights_sitenote_active":false,"_monsterinsights_sitenote_note":"","_monsterinsights_sitenote_category":0,"_uf_show_specific_survey":0,"_uf_disable_surveys":false,"jetpack_post_was_ever_published":false,"_jetpack_newsletter_access":"","_jetpack_dont_email_post_to_subs":false,"_jetpack_newsletter_tier_id":0,"_jetpack_memberships_contains_paywalled_content":false,"_jetpack_memberships_contains_paid_content":false,"footnotes":"","jetpack_publicize_message":"","jetpack_publicize_feature_enabled":true,"jetpack_social_post_already_shared":true,"jetpack_social_options":{"image_generator_settings":{"template":"highway","default_image_id":0,"font":"","enabled":false},"version":2}},"categories":[21],"tags":[49,279,266],"class_list":["post-54259","post","type-post","status-publish","format-standard","has-post-thumbnail","hentry","category-locales","tag-gobierno-de-santiago-del-estero","tag-policia-de-santiago-delestero","tag-smart-city-expo-santiago-del-estero"],"aioseo_notices":[],"views":13,"jetpack_publicize_connections":[],"jetpack_featured_media_url":"https:\/\/i0.wp.com\/elterritorialweb.com.ar\/web\/wp-content\/uploads\/2023\/06\/WhatsApp-Image-2023-06-15-at-14.09.29.jpeg?fit=1600%2C1066&ssl=1","jetpack_sharing_enabled":true,"_links":{"self":[{"href":"https:\/\/elterritorialweb.com.ar\/web\/wp-json\/wp\/v2\/posts\/54259","targetHints":{"allow":["GET"]}}],"collection":[{"href":"https:\/\/elterritorialweb.com.ar\/web\/wp-json\/wp\/v2\/posts"}],"about":[{"href":"https:\/\/elterritorialweb.com.ar\/web\/wp-json\/wp\/v2\/types\/post"}],"author":[{"embeddable":true,"href":"https:\/\/elterritorialweb.com.ar\/web\/wp-json\/wp\/v2\/users\/2"}],"replies":[{"embeddable":true,"href":"https:\/\/elterritorialweb.com.ar\/web\/wp-json\/wp\/v2\/comments?post=54259"}],"version-history":[{"count":1,"href":"https:\/\/elterritorialweb.com.ar\/web\/wp-json\/wp\/v2\/posts\/54259\/revisions"}],"predecessor-version":[{"id":54264,"href":"https:\/\/elterritorialweb.com.ar\/web\/wp-json\/wp\/v2\/posts\/54259\/revisions\/54264"}],"wp:featuredmedia":[{"embeddable":true,"href":"https:\/\/elterritorialweb.com.ar\/web\/wp-json\/wp\/v2\/media\/54263"}],"wp:attachment":[{"href":"https:\/\/elterritorialweb.com.ar\/web\/wp-json\/wp\/v2\/media?parent=54259"}],"wp:term":[{"taxonomy":"category","embeddable":true,"href":"https:\/\/elterritorialweb.com.ar\/web\/wp-json\/wp\/v2\/categories?post=54259"},{"taxonomy":"post_tag","embeddable":true,"href":"https:\/\/elterritorialweb.com.ar\/web\/wp-json\/wp\/v2\/tags?post=54259"}],"curies":[{"name":"wp","href":"https:\/\/api.w.org\/{rel}","templated":true}]}}