{"id":54265,"date":"2023-06-15T18:13:31","date_gmt":"2023-06-15T18:13:31","guid":{"rendered":"http:\/\/elterritorialweb.com.ar\/web\/?p=54265"},"modified":"2023-06-15T18:29:34","modified_gmt":"2023-06-15T18:29:34","slug":"el-unico-patrullero-electrico-de-la-argentina-fue-presentado-en-el-smart-city-expo-por-la-policia-de-santiago-del-estero","status":"publish","type":"post","link":"https:\/\/elterritorialweb.com.ar\/web\/el-unico-patrullero-electrico-de-la-argentina-fue-presentado-en-el-smart-city-expo-por-la-policia-de-santiago-del-estero\/","title":{"rendered":"EL \u00daNICO PATRULLERO EL\u00c9CTRICO DE LA ARGENTINA ES DE SANTIAGO DEL ESTERO"},"content":{"rendered":"\n<p>El subcomisario Santiago Hansen, integrante del equipo de profesionales de la Direcci\u00f3n de Desarrollo Tecnol\u00f3gico, destac\u00f3 las caracter\u00edsticas de \u201ceste proyecto de electroconversi\u00f3n de un veh\u00edculo t\u00e9rmico de combusti\u00f3n que fue reemplazado por un motor el\u00e9ctrico trif\u00e1sico de alrededor de 50 caballos de fuerza con un banco de bater\u00edas de litio con capacidad para transportar al personal durante 150 km por carga, la que se puede realizar en 4 o 5 horas\u201d, detall\u00f3.<br>El patrullero tiene adem\u00e1s elementos de \u00faltima generaci\u00f3n, con sistema de c\u00e1maras y audio, a lo que se agreg\u00f3 inteligencia de asistencia en conducci\u00f3n. La unidad tiene capacidad de saber qui\u00e9n es el chofer, ver su comportamiento, verificar si tom\u00f3 las medidas de seguridad exigidas. Tambi\u00e9n tiene una visi\u00f3n delantera para emitir alertas si el veh\u00edculo sale de carril o advierte anormalidades en el manejo que son informadas en la central de control.<\/p>\n\n\n\n<figure class=\"wp-block-image size-large\"><a href=\"https:\/\/i0.wp.com\/elterritorialweb.com.ar\/web\/wp-content\/uploads\/2023\/06\/WhatsApp-Image-2023-06-15-at-14.25.36.jpeg\"><img data-recalc-dims=\"1\" decoding=\"async\" width=\"640\" height=\"296\" data-src=\"https:\/\/i0.wp.com\/elterritorialweb.com.ar\/web\/wp-content\/uploads\/2023\/06\/WhatsApp-Image-2023-06-15-at-14.25.36.jpeg?resize=640%2C296\" alt=\"\" class=\"wp-image-54266 lazyload\" data-srcset=\"https:\/\/i0.wp.com\/elterritorialweb.com.ar\/web\/wp-content\/uploads\/2023\/06\/WhatsApp-Image-2023-06-15-at-14.25.36.jpeg?resize=1024%2C473&amp;ssl=1 1024w, https:\/\/i0.wp.com\/elterritorialweb.com.ar\/web\/wp-content\/uploads\/2023\/06\/WhatsApp-Image-2023-06-15-at-14.25.36.jpeg?resize=300%2C139&amp;ssl=1 300w, https:\/\/i0.wp.com\/elterritorialweb.com.ar\/web\/wp-content\/uploads\/2023\/06\/WhatsApp-Image-2023-06-15-at-14.25.36.jpeg?resize=768%2C355&amp;ssl=1 768w, https:\/\/i0.wp.com\/elterritorialweb.com.ar\/web\/wp-content\/uploads\/2023\/06\/WhatsApp-Image-2023-06-15-at-14.25.36.jpeg?w=1032&amp;ssl=1 1032w\" data-sizes=\"(max-width: 640px) 100vw, 640px\" src=\"data:image\/svg+xml;base64,PHN2ZyB3aWR0aD0iMSIgaGVpZ2h0PSIxIiB4bWxucz0iaHR0cDovL3d3dy53My5vcmcvMjAwMC9zdmciPjwvc3ZnPg==\" style=\"--smush-placeholder-width: 640px; --smush-placeholder-aspect-ratio: 640\/296;\" \/><\/a><\/figure>\n\n\n\n<p>\u201cNo se conoce en el pa\u00eds casos similares de que el personal de la propia polic\u00eda que haya realizado este tipo de trabajo\u201d, dijo Hansen, al destacar el rol preponderante de las capacidades locales.<\/p>\n","protected":false},"excerpt":{"rendered":"<p>La Polic\u00eda de la provincia present\u00f3 en la Smart City Expo un patrullero el\u00e9ctrico, uno de los \u00faltimos logros de la Direcci\u00f3n de Desarrollo Tecnol\u00f3gico, perteneciente a la Secretar\u00eda de Seguridad, que no tiene precedentes en todo el territorio argentino.<\/p>\n","protected":false},"author":2,"featured_media":54267,"comment_status":"open","ping_status":"open","sticky":false,"template":"","format":"standard","meta":{"om_disable_all_campaigns":false,"_monsterinsights_skip_tracking":false,"_monsterinsights_sitenote_active":false,"_monsterinsights_sitenote_note":"","_monsterinsights_sitenote_category":0,"_uf_show_specific_survey":0,"_uf_disable_surveys":false,"jetpack_post_was_ever_published":false,"_jetpack_newsletter_access":"","_jetpack_dont_email_post_to_subs":false,"_jetpack_newsletter_tier_id":0,"_jetpack_memberships_contains_paywalled_content":false,"_jetpack_memberships_contains_paid_content":false,"footnotes":"","jetpack_publicize_message":"","jetpack_publicize_feature_enabled":true,"jetpack_social_post_already_shared":true,"jetpack_social_options":{"image_generator_settings":{"template":"highway","default_image_id":0,"font":"","enabled":false},"version":2}},"categories":[21],"tags":[59,49,280,279],"class_list":["post-54265","post","type-post","status-publish","format-standard","has-post-thumbnail","hentry","category-locales","tag-gerardo-zamora","tag-gobierno-de-santiago-del-estero","tag-patrullero-electrico","tag-policia-de-santiago-delestero"],"aioseo_notices":[],"views":7,"jetpack_publicize_connections":[],"jetpack_featured_media_url":"https:\/\/i0.wp.com\/elterritorialweb.com.ar\/web\/wp-content\/uploads\/2023\/06\/WhatsApp-Image-2023-06-15-at-14.11.45.jpeg?fit=1044%2C696&ssl=1","jetpack_sharing_enabled":true,"_links":{"self":[{"href":"https:\/\/elterritorialweb.com.ar\/web\/wp-json\/wp\/v2\/posts\/54265","targetHints":{"allow":["GET"]}}],"collection":[{"href":"https:\/\/elterritorialweb.com.ar\/web\/wp-json\/wp\/v2\/posts"}],"about":[{"href":"https:\/\/elterritorialweb.com.ar\/web\/wp-json\/wp\/v2\/types\/post"}],"author":[{"embeddable":true,"href":"https:\/\/elterritorialweb.com.ar\/web\/wp-json\/wp\/v2\/users\/2"}],"replies":[{"embeddable":true,"href":"https:\/\/elterritorialweb.com.ar\/web\/wp-json\/wp\/v2\/comments?post=54265"}],"version-history":[{"count":2,"href":"https:\/\/elterritorialweb.com.ar\/web\/wp-json\/wp\/v2\/posts\/54265\/revisions"}],"predecessor-version":[{"id":54270,"href":"https:\/\/elterritorialweb.com.ar\/web\/wp-json\/wp\/v2\/posts\/54265\/revisions\/54270"}],"wp:featuredmedia":[{"embeddable":true,"href":"https:\/\/elterritorialweb.com.ar\/web\/wp-json\/wp\/v2\/media\/54267"}],"wp:attachment":[{"href":"https:\/\/elterritorialweb.com.ar\/web\/wp-json\/wp\/v2\/media?parent=54265"}],"wp:term":[{"taxonomy":"category","embeddable":true,"href":"https:\/\/elterritorialweb.com.ar\/web\/wp-json\/wp\/v2\/categories?post=54265"},{"taxonomy":"post_tag","embeddable":true,"href":"https:\/\/elterritorialweb.com.ar\/web\/wp-json\/wp\/v2\/tags?post=54265"}],"curies":[{"name":"wp","href":"https:\/\/api.w.org\/{rel}","templated":true}]}}