{"id":54271,"date":"2023-06-15T21:30:38","date_gmt":"2023-06-15T21:30:38","guid":{"rendered":"http:\/\/elterritorialweb.com.ar\/web\/?p=54271"},"modified":"2023-06-15T21:30:41","modified_gmt":"2023-06-15T21:30:41","slug":"alumnos-de-los-pirpintos-visitaron-casa-de-gobierno","status":"publish","type":"post","link":"https:\/\/elterritorialweb.com.ar\/web\/alumnos-de-los-pirpintos-visitaron-casa-de-gobierno\/","title":{"rendered":"ALUMNOS DE LOS PIRPINTOS VISITARON CASA DE GOBIERNO"},"content":{"rendered":"\n<p>El encuentro se llev\u00f3 a cabo en el Sal\u00f3n de Acuerdos de Casa de Gobierno, en el marco del Programa \u201cConociendo Mi Provincia\u201d que permite a los j\u00f3venes realizar un viaje en su \u00faltimo a\u00f1o del secundario para conocer los lugares m\u00e1s emblem\u00e1ticos, tur\u00edsticos, religiosos, culturales de Villa La Punta, Las Termas de R\u00edo Hondo y la ciudad Capital.<br>Durante la visita, la alumna Yuliana Salvatierra expres\u00f3: \u00abEs una gran oportunidad para todos nosotros realizar este viaje y conocer otras ciudades, ya que donde vivimos es una distancia muy alejada, pero a trav\u00e9s de este programa lo podemos hacer y por eso estamos muy agradecidos\u201d.<br>Por su parte, Mandrille, les dio la bienvenida y transmiti\u00f3 los saludos del gobernador Gerardo Zamora.<br>\u00abAprovechen la oportunidad de conocer y compartir las actividades en este viaje y tambi\u00e9n en su colegio. Esta experiencia es \u00fanica para ustedes a trav\u00e9s de este importante programa\u201d, dijo Mandrille.<br>En la oportunidad los alumnos recibieron kit de semillas para la huerta de su colegio.<\/p>\n","protected":false},"excerpt":{"rendered":"<p>El ministro de Producci\u00f3n, Recursos Naturales, Forestaci\u00f3n, Tierras y Medio Ambiente, Miguel Madrille, recibi\u00f3 este jueves la visita de los alumnos del Colegio Secundario \u201cPapa Juan XXIII\u201d de la localidad de Los Pirpintos, en el departamento Copo, quienes estuvieron acompa\u00f1ados por el rector Carlos Salto y docentes de la instituci\u00f3n. <\/p>\n","protected":false},"author":2,"featured_media":54272,"comment_status":"open","ping_status":"open","sticky":false,"template":"","format":"standard","meta":{"om_disable_all_campaigns":false,"_monsterinsights_skip_tracking":false,"_monsterinsights_sitenote_active":false,"_monsterinsights_sitenote_note":"","_monsterinsights_sitenote_category":0,"_uf_show_specific_survey":0,"_uf_disable_surveys":false,"jetpack_post_was_ever_published":false,"_jetpack_newsletter_access":"","_jetpack_dont_email_post_to_subs":false,"_jetpack_newsletter_tier_id":0,"_jetpack_memberships_contains_paywalled_content":false,"_jetpack_memberships_contains_paid_content":false,"footnotes":"","jetpack_publicize_message":"","jetpack_publicize_feature_enabled":true,"jetpack_social_post_already_shared":true,"jetpack_social_options":{"image_generator_settings":{"template":"highway","default_image_id":0,"font":"","enabled":false},"version":2}},"categories":[21],"tags":[202,59,49],"class_list":["post-54271","post","type-post","status-publish","format-standard","has-post-thumbnail","hentry","category-locales","tag-casa-de-gobierno","tag-gerardo-zamora","tag-gobierno-de-santiago-del-estero"],"aioseo_notices":[],"views":13,"jetpack_publicize_connections":[],"jetpack_featured_media_url":"https:\/\/i0.wp.com\/elterritorialweb.com.ar\/web\/wp-content\/uploads\/2023\/06\/WhatsApp-Image-2023-06-15-at-16.03.16.jpeg?fit=1600%2C1066&ssl=1","jetpack_sharing_enabled":true,"_links":{"self":[{"href":"https:\/\/elterritorialweb.com.ar\/web\/wp-json\/wp\/v2\/posts\/54271","targetHints":{"allow":["GET"]}}],"collection":[{"href":"https:\/\/elterritorialweb.com.ar\/web\/wp-json\/wp\/v2\/posts"}],"about":[{"href":"https:\/\/elterritorialweb.com.ar\/web\/wp-json\/wp\/v2\/types\/post"}],"author":[{"embeddable":true,"href":"https:\/\/elterritorialweb.com.ar\/web\/wp-json\/wp\/v2\/users\/2"}],"replies":[{"embeddable":true,"href":"https:\/\/elterritorialweb.com.ar\/web\/wp-json\/wp\/v2\/comments?post=54271"}],"version-history":[{"count":1,"href":"https:\/\/elterritorialweb.com.ar\/web\/wp-json\/wp\/v2\/posts\/54271\/revisions"}],"predecessor-version":[{"id":54273,"href":"https:\/\/elterritorialweb.com.ar\/web\/wp-json\/wp\/v2\/posts\/54271\/revisions\/54273"}],"wp:featuredmedia":[{"embeddable":true,"href":"https:\/\/elterritorialweb.com.ar\/web\/wp-json\/wp\/v2\/media\/54272"}],"wp:attachment":[{"href":"https:\/\/elterritorialweb.com.ar\/web\/wp-json\/wp\/v2\/media?parent=54271"}],"wp:term":[{"taxonomy":"category","embeddable":true,"href":"https:\/\/elterritorialweb.com.ar\/web\/wp-json\/wp\/v2\/categories?post=54271"},{"taxonomy":"post_tag","embeddable":true,"href":"https:\/\/elterritorialweb.com.ar\/web\/wp-json\/wp\/v2\/tags?post=54271"}],"curies":[{"name":"wp","href":"https:\/\/api.w.org\/{rel}","templated":true}]}}