{"id":54274,"date":"2023-06-15T22:36:52","date_gmt":"2023-06-15T22:36:52","guid":{"rendered":"http:\/\/elterritorialweb.com.ar\/web\/?p=54274"},"modified":"2023-06-15T22:36:56","modified_gmt":"2023-06-15T22:36:56","slug":"avanza-la-obra-en-las-instalaciones-del-concejo-deliberante-de-la-banda","status":"publish","type":"post","link":"https:\/\/elterritorialweb.com.ar\/web\/avanza-la-obra-en-las-instalaciones-del-concejo-deliberante-de-la-banda\/","title":{"rendered":"AVANZA LA OBRA EN LAS INSTALACIONES DEL CONCEJO DELIBERANTE DE LA BANDA"},"content":{"rendered":"\n<p>Durante la visita, el jefe comunal estuvo acompa\u00f1ado por el viceintendente, Gabriel Santill\u00e1n; la secretaria de Gobierno, Victoria Torres; la subsecretaria de Educaci\u00f3n y Cultura, Alejandra Far\u00edas; el secretario de Obras P\u00fablicas, Cristian Alzamora; el secretario de Servicios P\u00fablicos, Cristian Mendoza y la diputada Provincial, Mariana Morales.<br>Entre las mejoras, se incluyen nuevas oficinas, ba\u00f1os y una sala de los presidentes, que albergar\u00e1 la historia y las fotograf\u00edas de quienes han presidido el cuerpo deliberativo a lo largo de los a\u00f1os. Esta sala se convertir\u00e1 en un lugar simb\u00f3lico que honrar\u00e1 la trayectoria de la instituci\u00f3n y las familias involucradas en su liderazgo.<br>La obra no solo beneficiar\u00e1 a los empleados y funcionarios, sino que tambi\u00e9n contar\u00e1 con puertas abiertas para recibir a los vecinos, instituciones intermedias, bibliotecas populares, colegios secundarios y todos los ciudadanos interesados en conocer la historia del Concejo Deliberante y su importancia en la ciudad.<br>En la oportunidad, el intendente expres\u00f3 su satisfacci\u00f3n por el avance de la obra y su compromiso de trabajar para inaugurarla lo antes posible y dijo: \u201cEsta renovaci\u00f3n no solo brindar\u00e1 mayor comodidad, sino que tambi\u00e9n servir\u00e1 como un s\u00edmbolo representativo de la ciudad de La Banda y su compromiso con el progreso y la participaci\u00f3n ciudadana\u201d.<br>Por su parte, el viceintendente destac\u00f3 la importancia de la obra y manifest\u00f3: \u201cFue un proyecto anhelado desde la gesti\u00f3n anterior y que finalmente se pudo concretar gracias al compromiso y esfuerzo de la actual administraci\u00f3n municipal. La ampliaci\u00f3n de oficinas era una necesidad evidente debido al crecimiento y la demanda de mayor espacio y comodidad para los empleados legislativos\u201d.<br>Con esta nueva infraestructura, el Concejo Deliberante de la ciudad se posiciona como un espacio moderno y accesible, promoviendo la transparencia, la participaci\u00f3n ciudadana y la preservaci\u00f3n de la historia local.<\/p>\n","protected":false},"excerpt":{"rendered":"<p>El intendente de la ciudad de La Banda, Roger Nediani, visit\u00f3 el avance de la obra de reforma del Concejo Deliberante que incluye tanto la refacci\u00f3n como la ampliaci\u00f3n de las instalaciones, que representa un hito para la comunidad, ya que es el lugar donde los ediles de diferentes espacios pol\u00edticos representan al pueblo.<\/p>\n","protected":false},"author":2,"featured_media":54275,"comment_status":"open","ping_status":"open","sticky":false,"template":"","format":"standard","meta":{"om_disable_all_campaigns":false,"_monsterinsights_skip_tracking":false,"_monsterinsights_sitenote_active":false,"_monsterinsights_sitenote_note":"","_monsterinsights_sitenote_category":0,"_uf_show_specific_survey":0,"_uf_disable_surveys":false,"jetpack_post_was_ever_published":false,"_jetpack_newsletter_access":"","_jetpack_dont_email_post_to_subs":false,"_jetpack_newsletter_tier_id":0,"_jetpack_memberships_contains_paywalled_content":false,"_jetpack_memberships_contains_paid_content":false,"footnotes":"","jetpack_publicize_message":"","jetpack_publicize_feature_enabled":true,"jetpack_social_post_already_shared":true,"jetpack_social_options":{"image_generator_settings":{"template":"highway","default_image_id":0,"font":"","enabled":false},"version":2}},"categories":[9],"tags":[281,71,63,51],"class_list":["post-54274","post","type-post","status-publish","format-standard","has-post-thumbnail","hentry","category-banda","tag-concejo-deliberante-de-la-banda","tag-municipalidad-de-la-banda","tag-obras","tag-roger-nediani"],"aioseo_notices":[],"views":14,"jetpack_publicize_connections":[],"jetpack_featured_media_url":"https:\/\/i0.wp.com\/elterritorialweb.com.ar\/web\/wp-content\/uploads\/2023\/06\/WhatsApp-Image-2023-06-15-at-16.11.44.jpeg?fit=1296%2C864&ssl=1","jetpack_sharing_enabled":true,"_links":{"self":[{"href":"https:\/\/elterritorialweb.com.ar\/web\/wp-json\/wp\/v2\/posts\/54274","targetHints":{"allow":["GET"]}}],"collection":[{"href":"https:\/\/elterritorialweb.com.ar\/web\/wp-json\/wp\/v2\/posts"}],"about":[{"href":"https:\/\/elterritorialweb.com.ar\/web\/wp-json\/wp\/v2\/types\/post"}],"author":[{"embeddable":true,"href":"https:\/\/elterritorialweb.com.ar\/web\/wp-json\/wp\/v2\/users\/2"}],"replies":[{"embeddable":true,"href":"https:\/\/elterritorialweb.com.ar\/web\/wp-json\/wp\/v2\/comments?post=54274"}],"version-history":[{"count":1,"href":"https:\/\/elterritorialweb.com.ar\/web\/wp-json\/wp\/v2\/posts\/54274\/revisions"}],"predecessor-version":[{"id":54276,"href":"https:\/\/elterritorialweb.com.ar\/web\/wp-json\/wp\/v2\/posts\/54274\/revisions\/54276"}],"wp:featuredmedia":[{"embeddable":true,"href":"https:\/\/elterritorialweb.com.ar\/web\/wp-json\/wp\/v2\/media\/54275"}],"wp:attachment":[{"href":"https:\/\/elterritorialweb.com.ar\/web\/wp-json\/wp\/v2\/media?parent=54274"}],"wp:term":[{"taxonomy":"category","embeddable":true,"href":"https:\/\/elterritorialweb.com.ar\/web\/wp-json\/wp\/v2\/categories?post=54274"},{"taxonomy":"post_tag","embeddable":true,"href":"https:\/\/elterritorialweb.com.ar\/web\/wp-json\/wp\/v2\/tags?post=54274"}],"curies":[{"name":"wp","href":"https:\/\/api.w.org\/{rel}","templated":true}]}}