{"id":54277,"date":"2023-06-16T19:49:25","date_gmt":"2023-06-16T19:49:25","guid":{"rendered":"http:\/\/elterritorialweb.com.ar\/web\/?p=54277"},"modified":"2023-06-16T19:49:27","modified_gmt":"2023-06-16T19:49:27","slug":"como-seran-los-horarios-del-cementerio-por-el-dia-del-padre","status":"publish","type":"post","link":"https:\/\/elterritorialweb.com.ar\/web\/como-seran-los-horarios-del-cementerio-por-el-dia-del-padre\/","title":{"rendered":"COMO SER\u00c1N LOS HORARIOS DEL CEMENTERIO POR EL D\u00cdA DEL PADRE"},"content":{"rendered":"\n<p>En ese marco, el domingo celebrar\u00e1 la misa en honor a los padres difuntos, en la capilla del cementerio, a partir de las 9.<\/p>\n\n\n\n<p>Debido a la importante concurrencia que se espera para esos d\u00edas, la comuna dispuso un operativo integral, en el que trabajar\u00e1n coordinadamente las \u00e1reas de Salud, Tr\u00e1nsito, Calidad de Vida, Defensa Civil y la Polic\u00eda de la Provincia.<\/p>\n","protected":false},"excerpt":{"rendered":"<p>La Municipalidad de la Capital inform\u00f3 que con motivo del D\u00eda del Padre, se dispuso un horario especial corrido para el ingreso del Cementerio \u201cLa Piedad\u201d, los d\u00edas s\u00e1bado y domingo desde las 8 y hasta las 18.<\/p>\n","protected":false},"author":2,"featured_media":54278,"comment_status":"open","ping_status":"open","sticky":false,"template":"","format":"standard","meta":{"om_disable_all_campaigns":false,"_monsterinsights_skip_tracking":false,"_monsterinsights_sitenote_active":false,"_monsterinsights_sitenote_note":"","_monsterinsights_sitenote_category":0,"_uf_show_specific_survey":0,"_uf_disable_surveys":false,"jetpack_post_was_ever_published":false,"_jetpack_newsletter_access":"","_jetpack_dont_email_post_to_subs":false,"_jetpack_newsletter_tier_id":0,"_jetpack_memberships_contains_paywalled_content":false,"_jetpack_memberships_contains_paid_content":false,"footnotes":"","jetpack_publicize_message":"","jetpack_publicize_feature_enabled":true,"jetpack_social_post_already_shared":true,"jetpack_social_options":{"image_generator_settings":{"template":"highway","default_image_id":0,"font":"","enabled":false},"version":2}},"categories":[4,21],"tags":[282,283,73],"class_list":["post-54277","post","type-post","status-publish","format-standard","has-post-thumbnail","hentry","category-destacadas","category-locales","tag-cementerio-la-piedad","tag-horarios","tag-municipalidad-de-la-capital"],"aioseo_notices":[],"views":14,"jetpack_publicize_connections":[],"jetpack_featured_media_url":"https:\/\/i0.wp.com\/elterritorialweb.com.ar\/web\/wp-content\/uploads\/2023\/06\/cementerio-por-el-Dia-del-Padre.jpg?fit=1280%2C827&ssl=1","jetpack_sharing_enabled":true,"_links":{"self":[{"href":"https:\/\/elterritorialweb.com.ar\/web\/wp-json\/wp\/v2\/posts\/54277","targetHints":{"allow":["GET"]}}],"collection":[{"href":"https:\/\/elterritorialweb.com.ar\/web\/wp-json\/wp\/v2\/posts"}],"about":[{"href":"https:\/\/elterritorialweb.com.ar\/web\/wp-json\/wp\/v2\/types\/post"}],"author":[{"embeddable":true,"href":"https:\/\/elterritorialweb.com.ar\/web\/wp-json\/wp\/v2\/users\/2"}],"replies":[{"embeddable":true,"href":"https:\/\/elterritorialweb.com.ar\/web\/wp-json\/wp\/v2\/comments?post=54277"}],"version-history":[{"count":1,"href":"https:\/\/elterritorialweb.com.ar\/web\/wp-json\/wp\/v2\/posts\/54277\/revisions"}],"predecessor-version":[{"id":54279,"href":"https:\/\/elterritorialweb.com.ar\/web\/wp-json\/wp\/v2\/posts\/54277\/revisions\/54279"}],"wp:featuredmedia":[{"embeddable":true,"href":"https:\/\/elterritorialweb.com.ar\/web\/wp-json\/wp\/v2\/media\/54278"}],"wp:attachment":[{"href":"https:\/\/elterritorialweb.com.ar\/web\/wp-json\/wp\/v2\/media?parent=54277"}],"wp:term":[{"taxonomy":"category","embeddable":true,"href":"https:\/\/elterritorialweb.com.ar\/web\/wp-json\/wp\/v2\/categories?post=54277"},{"taxonomy":"post_tag","embeddable":true,"href":"https:\/\/elterritorialweb.com.ar\/web\/wp-json\/wp\/v2\/tags?post=54277"}],"curies":[{"name":"wp","href":"https:\/\/api.w.org\/{rel}","templated":true}]}}