{"id":54285,"date":"2023-06-16T20:11:00","date_gmt":"2023-06-16T20:11:00","guid":{"rendered":"http:\/\/elterritorialweb.com.ar\/web\/?p=54285"},"modified":"2023-06-16T20:11:03","modified_gmt":"2023-06-16T20:11:03","slug":"este-viernes-el-municipio-abonara-el-medio-aguinaldo","status":"publish","type":"post","link":"https:\/\/elterritorialweb.com.ar\/web\/este-viernes-el-municipio-abonara-el-medio-aguinaldo\/","title":{"rendered":"ESTE VIERNES, EL MUNICIPIO ABONAR\u00c1 EL MEDIO AGUINALDO"},"content":{"rendered":"\n<p>La Municipalidad de la Capital comunic\u00f3 que en consonancia con lo dispuesto por el Gobierno de la Provincia, este viernes 16, har\u00e1 efectivo el pago del sueldo anual complementario a su personal.<\/p>\n\n\n\n<p>Se har\u00e1 a trav\u00e9s de los cajeros autom\u00e1ticos, a partir de las primeras horas del d\u00eda. De esta manera, se cumple con el cronograma anunciado por la intendente, Ing. Norma Fuentes, para el mes de junio, que incluy\u00f3 el pago de la primera cuota de 75.000 pesos del bono aguinaldo otorgado el pasado 6 de junio.<\/p>\n","protected":false},"excerpt":{"rendered":"<p>De esta manera todos los empleados municipales percibir\u00e1n este viernes 16 de junio, el pago del medio aguinaldo.<\/p>\n","protected":false},"author":2,"featured_media":54281,"comment_status":"open","ping_status":"open","sticky":false,"template":"","format":"standard","meta":{"om_disable_all_campaigns":false,"_monsterinsights_skip_tracking":false,"_monsterinsights_sitenote_active":false,"_monsterinsights_sitenote_note":"","_monsterinsights_sitenote_category":0,"_uf_show_specific_survey":0,"_uf_disable_surveys":false,"jetpack_post_was_ever_published":false,"_jetpack_newsletter_access":"","_jetpack_dont_email_post_to_subs":false,"_jetpack_newsletter_tier_id":0,"_jetpack_memberships_contains_paywalled_content":false,"_jetpack_memberships_contains_paid_content":false,"footnotes":"","jetpack_publicize_message":"","jetpack_publicize_feature_enabled":true,"jetpack_social_post_already_shared":true,"jetpack_social_options":{"image_generator_settings":{"template":"highway","default_image_id":0,"font":"","enabled":false},"version":2}},"categories":[21],"tags":[210,284,73],"class_list":["post-54285","post","type-post","status-publish","format-standard","has-post-thumbnail","hentry","category-locales","tag-aguinaldo","tag-empleados-municipales","tag-municipalidad-de-la-capital"],"aioseo_notices":[],"views":7,"jetpack_publicize_connections":[],"jetpack_featured_media_url":"https:\/\/i0.wp.com\/elterritorialweb.com.ar\/web\/wp-content\/uploads\/2023\/06\/frente-municipalidad-scaled.jpg?fit=2560%2C1540&ssl=1","jetpack_sharing_enabled":true,"_links":{"self":[{"href":"https:\/\/elterritorialweb.com.ar\/web\/wp-json\/wp\/v2\/posts\/54285","targetHints":{"allow":["GET"]}}],"collection":[{"href":"https:\/\/elterritorialweb.com.ar\/web\/wp-json\/wp\/v2\/posts"}],"about":[{"href":"https:\/\/elterritorialweb.com.ar\/web\/wp-json\/wp\/v2\/types\/post"}],"author":[{"embeddable":true,"href":"https:\/\/elterritorialweb.com.ar\/web\/wp-json\/wp\/v2\/users\/2"}],"replies":[{"embeddable":true,"href":"https:\/\/elterritorialweb.com.ar\/web\/wp-json\/wp\/v2\/comments?post=54285"}],"version-history":[{"count":1,"href":"https:\/\/elterritorialweb.com.ar\/web\/wp-json\/wp\/v2\/posts\/54285\/revisions"}],"predecessor-version":[{"id":54286,"href":"https:\/\/elterritorialweb.com.ar\/web\/wp-json\/wp\/v2\/posts\/54285\/revisions\/54286"}],"wp:featuredmedia":[{"embeddable":true,"href":"https:\/\/elterritorialweb.com.ar\/web\/wp-json\/wp\/v2\/media\/54281"}],"wp:attachment":[{"href":"https:\/\/elterritorialweb.com.ar\/web\/wp-json\/wp\/v2\/media?parent=54285"}],"wp:term":[{"taxonomy":"category","embeddable":true,"href":"https:\/\/elterritorialweb.com.ar\/web\/wp-json\/wp\/v2\/categories?post=54285"},{"taxonomy":"post_tag","embeddable":true,"href":"https:\/\/elterritorialweb.com.ar\/web\/wp-json\/wp\/v2\/tags?post=54285"}],"curies":[{"name":"wp","href":"https:\/\/api.w.org\/{rel}","templated":true}]}}