{"id":54288,"date":"2023-06-17T01:48:58","date_gmt":"2023-06-17T01:48:58","guid":{"rendered":"http:\/\/elterritorialweb.com.ar\/web\/?p=54288"},"modified":"2023-06-17T01:49:00","modified_gmt":"2023-06-17T01:49:00","slug":"el-festival-internacional-de-literatura-filba-llega-a-santiago","status":"publish","type":"post","link":"https:\/\/elterritorialweb.com.ar\/web\/el-festival-internacional-de-literatura-filba-llega-a-santiago\/","title":{"rendered":"EL FESTIVAL INTERNACIONAL DE LITERATURA \u00abFILBA\u00bb LLEGA A SANTIAGO"},"content":{"rendered":"\n<p>El evento, que contar\u00e1 con la participaci\u00f3n de destacadas personalidades del mundo de las letras, este a\u00f1o busca promocionar la lectura y la escritura con el acento puesto en la memoria por la conmemoraci\u00f3n de los 40 a\u00f1os de democracia ininterrumpida de nuestro pa\u00eds. Contar\u00e1 entre los invitados a Mar\u00eda Teresa Andruetto, Claudia Masin, Mempo Giardinelli, Pablo De Santis, Hern\u00e1n Ronsino y Mariana Ruiz Johnson.<\/p>\n\n\n\n<p>En este sentido, el subsecretario de Cultura de la Municipalidad, Arq. Rodolfo Legname, indic\u00f3 que \u00abes una voluntad de la intendente, Ing. Norma Fuentes, contar un a\u00f1o m\u00e1s con este festival que convoca a los m\u00e1s prestigiosos escritores del pa\u00eds para intercambiar experiencias y opiniones con los santiague\u00f1os\u00bb.<\/p>\n\n\n\n<p>\u00abHabr\u00e1 una variada agenda de talleres, charlas, entrevistas, recitales, paneles y lecturas en lugares como el Centro Cultural del Bicentenario, la Casa Arga\u00f1araz Alcorta y muchas librer\u00edas y bibliotecas locales\u00bb, se\u00f1al\u00f3.<\/p>\n\n\n\n<p>Los interesados podr\u00e1n informarse de las diferentes propuestas en la p\u00e1gina web filba.org.ar, algunas de las cuales requieren de inscripci\u00f3n previa mediante formulario online. Todas las actividades son libres y gratuitas.<\/p>\n","protected":false},"excerpt":{"rendered":"<p>Con el auspicio de la Municipalidad de la Capital, desde el jueves 29 de junio hasta el s\u00e1bado 1 de julio se realizar\u00e1 la tercera edici\u00f3n del Festival Internacional de Literatura \u00abFilba\u00bb en Santiago del Estero, como antesala de los festejos por el 470\u00b0 aniversario de la \u00abMadre de Ciudades\u00bb.<\/p>\n","protected":false},"author":2,"featured_media":54289,"comment_status":"open","ping_status":"open","sticky":false,"template":"","format":"standard","meta":{"om_disable_all_campaigns":false,"_monsterinsights_skip_tracking":false,"_monsterinsights_sitenote_active":false,"_monsterinsights_sitenote_note":"","_monsterinsights_sitenote_category":0,"_uf_show_specific_survey":0,"_uf_disable_surveys":false,"jetpack_post_was_ever_published":false,"_jetpack_newsletter_access":"","_jetpack_dont_email_post_to_subs":false,"_jetpack_newsletter_tier_id":0,"_jetpack_memberships_contains_paywalled_content":false,"_jetpack_memberships_contains_paid_content":false,"footnotes":"","jetpack_publicize_message":"","jetpack_publicize_feature_enabled":true,"jetpack_social_post_already_shared":true,"jetpack_social_options":{"image_generator_settings":{"template":"highway","default_image_id":0,"font":"","enabled":false},"version":2}},"categories":[21],"tags":[285,73],"class_list":["post-54288","post","type-post","status-publish","format-standard","has-post-thumbnail","hentry","category-locales","tag-festival-internacional-de-literatura","tag-municipalidad-de-la-capital"],"aioseo_notices":[],"views":14,"jetpack_publicize_connections":[],"jetpack_featured_media_url":"https:\/\/i0.wp.com\/elterritorialweb.com.ar\/web\/wp-content\/uploads\/2023\/06\/FILBA.jpg?fit=1280%2C684&ssl=1","jetpack_sharing_enabled":true,"_links":{"self":[{"href":"https:\/\/elterritorialweb.com.ar\/web\/wp-json\/wp\/v2\/posts\/54288","targetHints":{"allow":["GET"]}}],"collection":[{"href":"https:\/\/elterritorialweb.com.ar\/web\/wp-json\/wp\/v2\/posts"}],"about":[{"href":"https:\/\/elterritorialweb.com.ar\/web\/wp-json\/wp\/v2\/types\/post"}],"author":[{"embeddable":true,"href":"https:\/\/elterritorialweb.com.ar\/web\/wp-json\/wp\/v2\/users\/2"}],"replies":[{"embeddable":true,"href":"https:\/\/elterritorialweb.com.ar\/web\/wp-json\/wp\/v2\/comments?post=54288"}],"version-history":[{"count":1,"href":"https:\/\/elterritorialweb.com.ar\/web\/wp-json\/wp\/v2\/posts\/54288\/revisions"}],"predecessor-version":[{"id":54290,"href":"https:\/\/elterritorialweb.com.ar\/web\/wp-json\/wp\/v2\/posts\/54288\/revisions\/54290"}],"wp:featuredmedia":[{"embeddable":true,"href":"https:\/\/elterritorialweb.com.ar\/web\/wp-json\/wp\/v2\/media\/54289"}],"wp:attachment":[{"href":"https:\/\/elterritorialweb.com.ar\/web\/wp-json\/wp\/v2\/media?parent=54288"}],"wp:term":[{"taxonomy":"category","embeddable":true,"href":"https:\/\/elterritorialweb.com.ar\/web\/wp-json\/wp\/v2\/categories?post=54288"},{"taxonomy":"post_tag","embeddable":true,"href":"https:\/\/elterritorialweb.com.ar\/web\/wp-json\/wp\/v2\/tags?post=54288"}],"curies":[{"name":"wp","href":"https:\/\/api.w.org\/{rel}","templated":true}]}}