{"id":54291,"date":"2023-06-17T02:14:34","date_gmt":"2023-06-17T02:14:34","guid":{"rendered":"http:\/\/elterritorialweb.com.ar\/web\/?p=54291"},"modified":"2023-06-17T02:14:36","modified_gmt":"2023-06-17T02:14:36","slug":"cuando-pagan-los-planes-provinciales-y-el-bono","status":"publish","type":"post","link":"https:\/\/elterritorialweb.com.ar\/web\/cuando-pagan-los-planes-provinciales-y-el-bono\/","title":{"rendered":"CUANDO PAGAN LOS PLANES PROVINCIALES Y EL BONO"},"content":{"rendered":"\n<p>Seg\u00fan inform\u00f3 el <strong>Ministerio de Justicia y Derechos Humanos<\/strong> de la provincia, el <strong>pago<\/strong> se har\u00e1 efectivo en las sucursales de <strong>Capital y La Banda<\/strong> del Banco Santiago del Estero (BSE) conforme al siguiente cronograma: <strong>mi\u00e9rcoles 21<\/strong>, los beneficiarios cuyos <strong>DNI<\/strong> finalizan en <strong>0, 1, 2 \u00f3 3<\/strong>. El <strong>jueves 22<\/strong> los terminados en <strong>4, 5 \u00f3 6 <\/strong>y el <strong>viernes 23<\/strong> las personas con DNI finalizados en <strong>7, 8 \u00f3 9<\/strong>.<br>Se recuerda a los beneficiarios que se debe respetar dicho cronograma durante esta primera semana, concurriendo el d\u00eda correspondiente a su terminaci\u00f3n del DNI y a la sucursal m\u00e1s cercana a su domicilio del BSE de 7.45 a 12.45.<br>Asimismo, se continuar\u00e1 abonando el beneficio de junio durante todo el mes, incluido el mes de julio del 2023 , a todos los beneficiarios indistintamente su terminaci\u00f3n del documento, pudiendo acercarse a la sucursal del BSE m\u00e1s cercana a su domicilio.<br>En las dem\u00e1s sucursales del interior de la provincia el pago se har\u00e1 sin cronograma a partir del mi\u00e9rcoles 21.<\/p>\n","protected":false},"excerpt":{"rendered":"<p>En cumplimiento del programa PAE, se dar\u00e1 inicio el pr\u00f3ximo mi\u00e9rcoles 21 el pago de los Planes de Emergencia de la Provincia correspondiente a junio, conjuntamente con la primera parte del bono extraordinario anunciado oportunamente.<\/p>\n","protected":false},"author":2,"featured_media":54292,"comment_status":"open","ping_status":"open","sticky":false,"template":"","format":"standard","meta":{"om_disable_all_campaigns":false,"_monsterinsights_skip_tracking":false,"_monsterinsights_sitenote_active":false,"_monsterinsights_sitenote_note":"","_monsterinsights_sitenote_category":0,"_uf_show_specific_survey":0,"_uf_disable_surveys":false,"jetpack_post_was_ever_published":false,"_jetpack_newsletter_access":"","_jetpack_dont_email_post_to_subs":false,"_jetpack_newsletter_tier_id":0,"_jetpack_memberships_contains_paywalled_content":false,"_jetpack_memberships_contains_paid_content":false,"footnotes":"","jetpack_publicize_message":"","jetpack_publicize_feature_enabled":true,"jetpack_social_post_already_shared":true,"jetpack_social_options":{"image_generator_settings":{"template":"highway","default_image_id":0,"font":"","enabled":false},"version":2}},"categories":[4,2],"tags":[143,49,170],"class_list":["post-54291","post","type-post","status-publish","format-standard","has-post-thumbnail","hentry","category-destacadas","category-economia","tag-bono","tag-gobierno-de-santiago-del-estero","tag-planes-de-emergencia"],"aioseo_notices":[],"views":29,"jetpack_publicize_connections":[],"jetpack_featured_media_url":"https:\/\/i0.wp.com\/elterritorialweb.com.ar\/web\/wp-content\/uploads\/2023\/06\/planes-provinciales.jpg?fit=612%2C408&ssl=1","jetpack_sharing_enabled":true,"_links":{"self":[{"href":"https:\/\/elterritorialweb.com.ar\/web\/wp-json\/wp\/v2\/posts\/54291","targetHints":{"allow":["GET"]}}],"collection":[{"href":"https:\/\/elterritorialweb.com.ar\/web\/wp-json\/wp\/v2\/posts"}],"about":[{"href":"https:\/\/elterritorialweb.com.ar\/web\/wp-json\/wp\/v2\/types\/post"}],"author":[{"embeddable":true,"href":"https:\/\/elterritorialweb.com.ar\/web\/wp-json\/wp\/v2\/users\/2"}],"replies":[{"embeddable":true,"href":"https:\/\/elterritorialweb.com.ar\/web\/wp-json\/wp\/v2\/comments?post=54291"}],"version-history":[{"count":1,"href":"https:\/\/elterritorialweb.com.ar\/web\/wp-json\/wp\/v2\/posts\/54291\/revisions"}],"predecessor-version":[{"id":54293,"href":"https:\/\/elterritorialweb.com.ar\/web\/wp-json\/wp\/v2\/posts\/54291\/revisions\/54293"}],"wp:featuredmedia":[{"embeddable":true,"href":"https:\/\/elterritorialweb.com.ar\/web\/wp-json\/wp\/v2\/media\/54292"}],"wp:attachment":[{"href":"https:\/\/elterritorialweb.com.ar\/web\/wp-json\/wp\/v2\/media?parent=54291"}],"wp:term":[{"taxonomy":"category","embeddable":true,"href":"https:\/\/elterritorialweb.com.ar\/web\/wp-json\/wp\/v2\/categories?post=54291"},{"taxonomy":"post_tag","embeddable":true,"href":"https:\/\/elterritorialweb.com.ar\/web\/wp-json\/wp\/v2\/tags?post=54291"}],"curies":[{"name":"wp","href":"https:\/\/api.w.org\/{rel}","templated":true}]}}