{"id":54294,"date":"2023-06-17T02:24:41","date_gmt":"2023-06-17T02:24:41","guid":{"rendered":"http:\/\/elterritorialweb.com.ar\/web\/?p=54294"},"modified":"2023-06-17T02:24:44","modified_gmt":"2023-06-17T02:24:44","slug":"encuentro-sobre-desafios-para-una-agenda-federal-de-la-cultura","status":"publish","type":"post","link":"https:\/\/elterritorialweb.com.ar\/web\/encuentro-sobre-desafios-para-una-agenda-federal-de-la-cultura\/","title":{"rendered":"ENCUENTRO SOBRE DESAF\u00cdOS PARA UNA AGENDA FEDERAL DE LA CULTURA"},"content":{"rendered":"\n<p>Estuvo destinada a gestores culturales de los distintos estamentos con el objetivo potenciar de la gesti\u00f3n debatiendo y planteando distintas inquietudes sobre los programas nacionales que se encuentran en curso como territorio de saberes, los puntos de cultura, entre otros.<br>Prieto estuvo acompa\u00f1ado por el subsecretario de Cultura de la provincia, Juan Leguizam\u00f3n, quien manifest\u00f3 que \u201chay una gran cantidad de proyectos en Santiago que se han beneficiado y realmente es muy interesante los fondos que han podido llegar a la provincia a trav\u00e9s de estos programas\u201d.<br>\u201cHay que seguir consolidando una agenda federal de cultura, una cultura democr\u00e1tica y que el progreso de todos es lo m\u00e1s importante y de lo cultural hay que hacer el aporte\u201d, dijo.<\/p>\n\n\n\n<figure class=\"wp-block-image size-large\"><a href=\"https:\/\/i0.wp.com\/elterritorialweb.com.ar\/web\/wp-content\/uploads\/2023\/06\/WhatsApp-Image-2023-06-16-at-13.58.07-1.jpeg\"><img data-recalc-dims=\"1\" decoding=\"async\" width=\"640\" height=\"426\" data-src=\"https:\/\/i0.wp.com\/elterritorialweb.com.ar\/web\/wp-content\/uploads\/2023\/06\/WhatsApp-Image-2023-06-16-at-13.58.07-1.jpeg?resize=640%2C426\" alt=\"\" class=\"wp-image-54295 lazyload\" data-srcset=\"https:\/\/i0.wp.com\/elterritorialweb.com.ar\/web\/wp-content\/uploads\/2023\/06\/WhatsApp-Image-2023-06-16-at-13.58.07-1.jpeg?resize=1024%2C682&amp;ssl=1 1024w, https:\/\/i0.wp.com\/elterritorialweb.com.ar\/web\/wp-content\/uploads\/2023\/06\/WhatsApp-Image-2023-06-16-at-13.58.07-1.jpeg?resize=300%2C200&amp;ssl=1 300w, https:\/\/i0.wp.com\/elterritorialweb.com.ar\/web\/wp-content\/uploads\/2023\/06\/WhatsApp-Image-2023-06-16-at-13.58.07-1.jpeg?resize=768%2C512&amp;ssl=1 768w, https:\/\/i0.wp.com\/elterritorialweb.com.ar\/web\/wp-content\/uploads\/2023\/06\/WhatsApp-Image-2023-06-16-at-13.58.07-1.jpeg?resize=1536%2C1023&amp;ssl=1 1536w, https:\/\/i0.wp.com\/elterritorialweb.com.ar\/web\/wp-content\/uploads\/2023\/06\/WhatsApp-Image-2023-06-16-at-13.58.07-1.jpeg?w=1600&amp;ssl=1 1600w, https:\/\/i0.wp.com\/elterritorialweb.com.ar\/web\/wp-content\/uploads\/2023\/06\/WhatsApp-Image-2023-06-16-at-13.58.07-1.jpeg?w=1280 1280w\" data-sizes=\"(max-width: 640px) 100vw, 640px\" src=\"data:image\/svg+xml;base64,PHN2ZyB3aWR0aD0iMSIgaGVpZ2h0PSIxIiB4bWxucz0iaHR0cDovL3d3dy53My5vcmcvMjAwMC9zdmciPjwvc3ZnPg==\" style=\"--smush-placeholder-width: 640px; --smush-placeholder-aspect-ratio: 640\/426;\" \/><\/a><\/figure>\n\n\n\n<p>A su turno, el funcionario del Ministerio de Cultura de la Naci\u00f3n hizo referencia a la jornada. \u201cHa sido un nutrido encuentro, de donde me voy llevando las inquietudes y necesidades con la realidad de la provincia que es muy importante y que de esto podamos procesar y devolverlo como una pol\u00edtica p\u00fablica para satisfacer las demandas y los procesos culturales que se est\u00e1n desarrollando en la provincia de Santiago del Estero. Tratamos de generar un espacio donde generar una masa cr\u00edtica donde los procesos culturales que se desarrollan puedan ser posibles con el acompa\u00f1amiento de parte del Ministerio de Cultura de la Naci\u00f3n\u201d.<\/p>\n","protected":false},"excerpt":{"rendered":"<p>Con la presencia del secretario de Gesti\u00f3n Cultural de la Naci\u00f3n, Federico Prieto, se realiz\u00f3 este viernes por la ma\u00f1ana en la sede de la Subsecretar\u00eda de Cultura de la provincia un  encuentro abierto titulado \u201cDesaf\u00edos para una agenda federal de la cultura\u201d.<\/p>\n","protected":false},"author":2,"featured_media":54296,"comment_status":"open","ping_status":"open","sticky":false,"template":"","format":"standard","meta":{"om_disable_all_campaigns":false,"_monsterinsights_skip_tracking":false,"_monsterinsights_sitenote_active":false,"_monsterinsights_sitenote_note":"","_monsterinsights_sitenote_category":0,"_uf_show_specific_survey":0,"_uf_disable_surveys":false,"jetpack_post_was_ever_published":false,"_jetpack_newsletter_access":"","_jetpack_dont_email_post_to_subs":false,"_jetpack_newsletter_tier_id":0,"_jetpack_memberships_contains_paywalled_content":false,"_jetpack_memberships_contains_paid_content":false,"footnotes":"","jetpack_publicize_message":"","jetpack_publicize_feature_enabled":true,"jetpack_social_post_already_shared":true,"jetpack_social_options":{"image_generator_settings":{"template":"highway","default_image_id":0,"font":"","enabled":false},"version":2}},"categories":[34],"tags":[49,286],"class_list":["post-54294","post","type-post","status-publish","format-standard","has-post-thumbnail","hentry","category-cultura","tag-gobierno-de-santiago-del-estero","tag-subsecretaria-de-cultura-de-la-provincia"],"aioseo_notices":[],"views":7,"jetpack_publicize_connections":[],"jetpack_featured_media_url":"https:\/\/i0.wp.com\/elterritorialweb.com.ar\/web\/wp-content\/uploads\/2023\/06\/WhatsApp-Image-2023-06-16-at-13.58.07.jpeg?fit=1600%2C1066&ssl=1","jetpack_sharing_enabled":true,"_links":{"self":[{"href":"https:\/\/elterritorialweb.com.ar\/web\/wp-json\/wp\/v2\/posts\/54294","targetHints":{"allow":["GET"]}}],"collection":[{"href":"https:\/\/elterritorialweb.com.ar\/web\/wp-json\/wp\/v2\/posts"}],"about":[{"href":"https:\/\/elterritorialweb.com.ar\/web\/wp-json\/wp\/v2\/types\/post"}],"author":[{"embeddable":true,"href":"https:\/\/elterritorialweb.com.ar\/web\/wp-json\/wp\/v2\/users\/2"}],"replies":[{"embeddable":true,"href":"https:\/\/elterritorialweb.com.ar\/web\/wp-json\/wp\/v2\/comments?post=54294"}],"version-history":[{"count":1,"href":"https:\/\/elterritorialweb.com.ar\/web\/wp-json\/wp\/v2\/posts\/54294\/revisions"}],"predecessor-version":[{"id":54297,"href":"https:\/\/elterritorialweb.com.ar\/web\/wp-json\/wp\/v2\/posts\/54294\/revisions\/54297"}],"wp:featuredmedia":[{"embeddable":true,"href":"https:\/\/elterritorialweb.com.ar\/web\/wp-json\/wp\/v2\/media\/54296"}],"wp:attachment":[{"href":"https:\/\/elterritorialweb.com.ar\/web\/wp-json\/wp\/v2\/media?parent=54294"}],"wp:term":[{"taxonomy":"category","embeddable":true,"href":"https:\/\/elterritorialweb.com.ar\/web\/wp-json\/wp\/v2\/categories?post=54294"},{"taxonomy":"post_tag","embeddable":true,"href":"https:\/\/elterritorialweb.com.ar\/web\/wp-json\/wp\/v2\/tags?post=54294"}],"curies":[{"name":"wp","href":"https:\/\/api.w.org\/{rel}","templated":true}]}}