{"id":54305,"date":"2023-06-17T02:50:10","date_gmt":"2023-06-17T02:50:10","guid":{"rendered":"http:\/\/elterritorialweb.com.ar\/web\/?p=54305"},"modified":"2023-06-17T02:50:13","modified_gmt":"2023-06-17T02:50:13","slug":"autoridades-de-salud-se-reunieron-con-organizaciones-de-la-sociedad-civil","status":"publish","type":"post","link":"https:\/\/elterritorialweb.com.ar\/web\/autoridades-de-salud-se-reunieron-con-organizaciones-de-la-sociedad-civil\/","title":{"rendered":"AUTORIDADES DE SALUD SE REUNIERON CON ORGANIZACIONES DE LA SOCIEDAD CIVIL"},"content":{"rendered":"\n<p>En el encuentro se abordaron aspectos de la nueva ley VIH, se articularon acciones en conjunto y compromiso a futuro para dar una respuesta integral, intersectorial, interdisciplinaria y sostenida en el tiempo, sobre todo a poblaciones con mayor vulnerabilidad ante el VIH y las infecciones de transmisi\u00f3n sexual.<br>En la reuni\u00f3n participaron, el responsable de Gesti\u00f3n Operativa del Programa de VIH, Vittorio Ramos, e Ivana D\u00edaz de Di.Va.S; Ivana Corriente de Pueblo Unidos; Santiago Orellana de Rajap; Mar\u00eda Ruiz del Bloque Feminista; Romina Trejo y Pablo Paz de Cruz Roja; Claudia Sandez de Corriente Pueblo Unido; Cristian Mercado y Mart\u00edn Paz de la Asociaci\u00f3n Civil Juventud y Diversidad; Omar Alvarado de Nockanchi; Rubi G\u00f3mez de ATTTA; Bel\u00e9n Gim\u00e9nez de Identidad Diversa; Victoria Toloza de Marea; Mariana Contreras de la Asociaci\u00f3n de Defensa de los Derechos Humanos de las PVVS y de Identidad Argentina Mar\u00eda Emilia G\u00f3mez y Facundo G\u00f3mez.<br>En este marco, Ramos expres\u00f3: \u201cEstamos contentos de comenzar con estas reuniones porque pensamos que es vital para la generaci\u00f3n de pol\u00edticas p\u00fablicas y, adem\u00e1s, porque creemos que son muy importante las opiniones y valoramos lo que representan las sociedades civiles en Santiago del Estero en cuanto a la respuesta por las personas con VIH\u201d.<br>El trabajo intersectorial mostr\u00f3 un incremento notable y un salto de calidad en la gesti\u00f3n respecto a la evaluaci\u00f3n. En valorar como disminuida la discriminaci\u00f3n y la estigmatizaci\u00f3n de las personas con vih, tanto dentro de sus organizaciones como en la poblaci\u00f3n civil.<\/p>\n","protected":false},"excerpt":{"rendered":"<p>Con importante participaci\u00f3n se desarroll\u00f3 una mesa de di\u00e1logo convocada por el Ministerio de Salud a trav\u00e9s del Programa Provincial de VIH &#8211; ITS y Hepatitis Virales, en el marco de la ley nacional de respuesta integral al VIH, hepatitis virales, otras infecciones de transmisi\u00f3n sexual -ITS- Ley 27675.<\/p>\n","protected":false},"author":2,"featured_media":54306,"comment_status":"open","ping_status":"open","sticky":false,"template":"","format":"standard","meta":{"om_disable_all_campaigns":false,"_monsterinsights_skip_tracking":false,"_monsterinsights_sitenote_active":false,"_monsterinsights_sitenote_note":"","_monsterinsights_sitenote_category":0,"_uf_show_specific_survey":0,"_uf_disable_surveys":false,"jetpack_post_was_ever_published":false,"_jetpack_newsletter_access":"","_jetpack_dont_email_post_to_subs":false,"_jetpack_newsletter_tier_id":0,"_jetpack_memberships_contains_paywalled_content":false,"_jetpack_memberships_contains_paid_content":false,"footnotes":"","jetpack_publicize_message":"","jetpack_publicize_feature_enabled":true,"jetpack_social_post_already_shared":true,"jetpack_social_options":{"image_generator_settings":{"template":"highway","default_image_id":0,"font":"","enabled":false},"version":2}},"categories":[21,3],"tags":[287],"class_list":["post-54305","post","type-post","status-publish","format-standard","has-post-thumbnail","hentry","category-locales","category-salud","tag-ministerio-de-salud-de-santiago-del-estero"],"aioseo_notices":[],"views":12,"jetpack_publicize_connections":[],"jetpack_featured_media_url":"https:\/\/i0.wp.com\/elterritorialweb.com.ar\/web\/wp-content\/uploads\/2023\/06\/WhatsApp-Image-2023-06-16-at-19.04.04.jpeg?fit=1280%2C960&ssl=1","jetpack_sharing_enabled":true,"_links":{"self":[{"href":"https:\/\/elterritorialweb.com.ar\/web\/wp-json\/wp\/v2\/posts\/54305","targetHints":{"allow":["GET"]}}],"collection":[{"href":"https:\/\/elterritorialweb.com.ar\/web\/wp-json\/wp\/v2\/posts"}],"about":[{"href":"https:\/\/elterritorialweb.com.ar\/web\/wp-json\/wp\/v2\/types\/post"}],"author":[{"embeddable":true,"href":"https:\/\/elterritorialweb.com.ar\/web\/wp-json\/wp\/v2\/users\/2"}],"replies":[{"embeddable":true,"href":"https:\/\/elterritorialweb.com.ar\/web\/wp-json\/wp\/v2\/comments?post=54305"}],"version-history":[{"count":1,"href":"https:\/\/elterritorialweb.com.ar\/web\/wp-json\/wp\/v2\/posts\/54305\/revisions"}],"predecessor-version":[{"id":54307,"href":"https:\/\/elterritorialweb.com.ar\/web\/wp-json\/wp\/v2\/posts\/54305\/revisions\/54307"}],"wp:featuredmedia":[{"embeddable":true,"href":"https:\/\/elterritorialweb.com.ar\/web\/wp-json\/wp\/v2\/media\/54306"}],"wp:attachment":[{"href":"https:\/\/elterritorialweb.com.ar\/web\/wp-json\/wp\/v2\/media?parent=54305"}],"wp:term":[{"taxonomy":"category","embeddable":true,"href":"https:\/\/elterritorialweb.com.ar\/web\/wp-json\/wp\/v2\/categories?post=54305"},{"taxonomy":"post_tag","embeddable":true,"href":"https:\/\/elterritorialweb.com.ar\/web\/wp-json\/wp\/v2\/tags?post=54305"}],"curies":[{"name":"wp","href":"https:\/\/api.w.org\/{rel}","templated":true}]}}