{"id":54308,"date":"2023-06-17T02:56:11","date_gmt":"2023-06-17T02:56:11","guid":{"rendered":"http:\/\/elterritorialweb.com.ar\/web\/?p=54308"},"modified":"2023-06-17T02:56:14","modified_gmt":"2023-06-17T02:56:14","slug":"nediani-participo-de-la-smart-city-expo-en-el-nodo","status":"publish","type":"post","link":"https:\/\/elterritorialweb.com.ar\/web\/nediani-participo-de-la-smart-city-expo-en-el-nodo\/","title":{"rendered":"NEDIANI PARTICIP\u00d3 DE LA SMART CITY EXPO EN EL NODO"},"content":{"rendered":"\n<p>Durante su recorrido, el jefe comunal agradeci\u00f3 al Gobierno de la Provincia por la invitaci\u00f3n y destac\u00f3 la relevancia de participar en jornadas de capacitaci\u00f3n y charlas que abordan la econom\u00eda del conocimiento y las innovadoras propuestas tecnol\u00f3gicas.<br>El evento, desarrollado en el nodo tecnol\u00f3gico ubicado en la ciudad de La Banda, brinda visibilidad y actividad a la ciudad fortaleciendo su posici\u00f3n como referente tecnol\u00f3gica en la regi\u00f3n. All\u00ed se destaca el papel de las empresas desarrolladoras de software, que brindan oportunidades de capacitaci\u00f3n sin l\u00edmite de edad, abriendo nuevos campos de trabajo y generando expectativas para aquellos interesados en incursionar en estas actividades.<br>En este sentido, Nediani resalt\u00f3 el enfoque en el cuidado del medio ambiente, abordando tem\u00e1ticas como el reciclaje, la recuperaci\u00f3n y el tratamiento de residuos s\u00f3lidos urbanos en todas las instituciones educativas de la ciudad. Asimismo, se mencion\u00f3 el trabajo en la reconversi\u00f3n lum\u00ednica, reemplazando las l\u00e1mparas de sodio por l\u00e1mparas LED, lo que no solo mejora la iluminaci\u00f3n y cuida el ambiente, sino que tambi\u00e9n contribuye al ahorro energ\u00e9tico, que desarrolla la Secretar\u00eda de Obras P\u00fablicas de la Municipalidad de La Banda. Adem\u00e1s, el intendente manifest\u00f3 su satisfacci\u00f3n por la calidad de la actividad y el nivel de presentaci\u00f3n de las empresas participantes.<br>En cuanto a los avances tecnol\u00f3gicos, hizo hincapi\u00e9 en el compromiso de la ciudad de La Banda con la protecci\u00f3n del ambiente, ya que desde la gesti\u00f3n, se est\u00e1n implementando diversas propuestas y actividades relacionadas con la educaci\u00f3n, as\u00ed como con la Secretar\u00eda de Servicios P\u00fablicos, que tienen como objetivo cuidar los recursos naturales y el entorno.<\/p>\n","protected":false},"excerpt":{"rendered":"<p>El intendente de la ciudad de La Banda, Roger Nediani visit\u00f3 el importante evento provincial centrado en los avances tecnol\u00f3gicos y el cuidado del medio ambiente \u2018Smart City\u2019, en el Nodo Tecnol\u00f3gico.<\/p>\n","protected":false},"author":2,"featured_media":54309,"comment_status":"open","ping_status":"open","sticky":false,"template":"","format":"standard","meta":{"om_disable_all_campaigns":false,"_monsterinsights_skip_tracking":false,"_monsterinsights_sitenote_active":false,"_monsterinsights_sitenote_note":"","_monsterinsights_sitenote_category":0,"_uf_show_specific_survey":0,"_uf_disable_surveys":false,"jetpack_post_was_ever_published":false,"_jetpack_newsletter_access":"","_jetpack_dont_email_post_to_subs":false,"_jetpack_newsletter_tier_id":0,"_jetpack_memberships_contains_paywalled_content":false,"_jetpack_memberships_contains_paid_content":false,"footnotes":"","jetpack_publicize_message":"","jetpack_publicize_feature_enabled":true,"jetpack_social_post_already_shared":true,"jetpack_social_options":{"image_generator_settings":{"template":"highway","default_image_id":0,"font":"","enabled":false},"version":2}},"categories":[9],"tags":[71,51,266],"class_list":["post-54308","post","type-post","status-publish","format-standard","has-post-thumbnail","hentry","category-banda","tag-municipalidad-de-la-banda","tag-roger-nediani","tag-smart-city-expo-santiago-del-estero"],"aioseo_notices":[],"views":11,"jetpack_publicize_connections":[],"jetpack_featured_media_url":"https:\/\/i0.wp.com\/elterritorialweb.com.ar\/web\/wp-content\/uploads\/2023\/06\/WhatsApp-Image-2023-06-16-at-13.04.54.jpeg?fit=1087%2C718&ssl=1","jetpack_sharing_enabled":true,"_links":{"self":[{"href":"https:\/\/elterritorialweb.com.ar\/web\/wp-json\/wp\/v2\/posts\/54308","targetHints":{"allow":["GET"]}}],"collection":[{"href":"https:\/\/elterritorialweb.com.ar\/web\/wp-json\/wp\/v2\/posts"}],"about":[{"href":"https:\/\/elterritorialweb.com.ar\/web\/wp-json\/wp\/v2\/types\/post"}],"author":[{"embeddable":true,"href":"https:\/\/elterritorialweb.com.ar\/web\/wp-json\/wp\/v2\/users\/2"}],"replies":[{"embeddable":true,"href":"https:\/\/elterritorialweb.com.ar\/web\/wp-json\/wp\/v2\/comments?post=54308"}],"version-history":[{"count":1,"href":"https:\/\/elterritorialweb.com.ar\/web\/wp-json\/wp\/v2\/posts\/54308\/revisions"}],"predecessor-version":[{"id":54310,"href":"https:\/\/elterritorialweb.com.ar\/web\/wp-json\/wp\/v2\/posts\/54308\/revisions\/54310"}],"wp:featuredmedia":[{"embeddable":true,"href":"https:\/\/elterritorialweb.com.ar\/web\/wp-json\/wp\/v2\/media\/54309"}],"wp:attachment":[{"href":"https:\/\/elterritorialweb.com.ar\/web\/wp-json\/wp\/v2\/media?parent=54308"}],"wp:term":[{"taxonomy":"category","embeddable":true,"href":"https:\/\/elterritorialweb.com.ar\/web\/wp-json\/wp\/v2\/categories?post=54308"},{"taxonomy":"post_tag","embeddable":true,"href":"https:\/\/elterritorialweb.com.ar\/web\/wp-json\/wp\/v2\/tags?post=54308"}],"curies":[{"name":"wp","href":"https:\/\/api.w.org\/{rel}","templated":true}]}}