{"id":54311,"date":"2023-06-17T03:04:07","date_gmt":"2023-06-17T03:04:07","guid":{"rendered":"http:\/\/elterritorialweb.com.ar\/web\/?p=54311"},"modified":"2023-06-17T03:04:09","modified_gmt":"2023-06-17T03:04:09","slug":"como-funcionaran-los-servicios-este-fin-de-semana-largo-en-la-banda","status":"publish","type":"post","link":"https:\/\/elterritorialweb.com.ar\/web\/como-funcionaran-los-servicios-este-fin-de-semana-largo-en-la-banda\/","title":{"rendered":"COMO FUNCIONAR\u00c1N LOS SERVICIOS ESTE FIN DE SEMANA LARGO EN LA BANDA"},"content":{"rendered":"\n<p>En cuanto al servicio de barrido y levantado, as\u00ed como la recolecci\u00f3n de residuos, se informa que el d\u00eda lunes y martes se realizar\u00e1n con guardias m\u00ednimas. Esto implica que se mantendr\u00e1 el servicio habitual de recolecci\u00f3n de contenedores, pero con una reducci\u00f3n en el personal destinado al barrido de calles y levantado de basura.<br>Por otro lado, se comunica que el Mercado Uni\u00f3n permanecer\u00e1 cerrado los d\u00edas lunes y martes, retomando su actividad regular a partir del mi\u00e9rcoles.<br>En relaci\u00f3n al Cementerio Misericordia, se informa que estar\u00e1 abierto en sus horarios habituales durante los d\u00edas de feriado, brindando los servicios correspondientes a la comunidad.<br>Cabe recordar que el d\u00eda 20 de junio se conmemora el D\u00eda de la Bandera en Argentina, en honor a su creador, Manuel Belgrano, quien falleci\u00f3 en esa fecha en el a\u00f1o 1820. Este feriado es inamovible y, en el presente a\u00f1o 2023, cae un martes. Con el fin de promover un fin de semana extendido, el gobierno nacional decret\u00f3 que el d\u00eda lunes 19 sea feriado puente. De esta manera, se conforma un periodo de descanso de cuatro d\u00edas, que se inicia el s\u00e1bado 17 de junio, d\u00eda en que se celebra el Paso a la Inmortalidad de Mart\u00edn Miguel de G\u00fcemes. Adem\u00e1s, en estos d\u00edas de descanso tambi\u00e9n se celebrar\u00e1 el D\u00eda del Padre, que en 2023 coincide con el 18 de junio.<br>La Municipalidad de La Banda recomienda a los vecinos planificar sus actividades y tener en cuenta los servicios municipales limitados durante estos d\u00edas festivos.<\/p>\n","protected":false},"excerpt":{"rendered":"<p>La Municipalidad de La Banda, a trav\u00e9s de la Secretar\u00eda de Servicios P\u00fablicos, detalla como trabajar\u00e1n las diferentes \u00e1reas ante la proximidad del feriado del 20 de junio, para lo que se dispuso un plan de trabajo con guardias m\u00ednimas para asegurar la limpieza y recolecci\u00f3n en la ciudad.<\/p>\n","protected":false},"author":2,"featured_media":54312,"comment_status":"open","ping_status":"open","sticky":false,"template":"","format":"standard","meta":{"om_disable_all_campaigns":false,"_monsterinsights_skip_tracking":false,"_monsterinsights_sitenote_active":false,"_monsterinsights_sitenote_note":"","_monsterinsights_sitenote_category":0,"_uf_show_specific_survey":0,"_uf_disable_surveys":false,"jetpack_post_was_ever_published":false,"_jetpack_newsletter_access":"","_jetpack_dont_email_post_to_subs":false,"_jetpack_newsletter_tier_id":0,"_jetpack_memberships_contains_paywalled_content":false,"_jetpack_memberships_contains_paid_content":false,"footnotes":"","jetpack_publicize_message":"","jetpack_publicize_feature_enabled":true,"jetpack_social_post_already_shared":true,"jetpack_social_options":{"image_generator_settings":{"template":"highway","default_image_id":0,"font":"","enabled":false},"version":2}},"categories":[9],"tags":[71,288],"class_list":["post-54311","post","type-post","status-publish","format-standard","has-post-thumbnail","hentry","category-banda","tag-municipalidad-de-la-banda","tag-secretaria-de-servicios-publicos"],"aioseo_notices":[],"views":10,"jetpack_publicize_connections":[],"jetpack_featured_media_url":"https:\/\/i0.wp.com\/elterritorialweb.com.ar\/web\/wp-content\/uploads\/2023\/06\/WhatsApp-Image-2023-06-16-at-13.04.53.jpeg?fit=1600%2C720&ssl=1","jetpack_sharing_enabled":true,"_links":{"self":[{"href":"https:\/\/elterritorialweb.com.ar\/web\/wp-json\/wp\/v2\/posts\/54311","targetHints":{"allow":["GET"]}}],"collection":[{"href":"https:\/\/elterritorialweb.com.ar\/web\/wp-json\/wp\/v2\/posts"}],"about":[{"href":"https:\/\/elterritorialweb.com.ar\/web\/wp-json\/wp\/v2\/types\/post"}],"author":[{"embeddable":true,"href":"https:\/\/elterritorialweb.com.ar\/web\/wp-json\/wp\/v2\/users\/2"}],"replies":[{"embeddable":true,"href":"https:\/\/elterritorialweb.com.ar\/web\/wp-json\/wp\/v2\/comments?post=54311"}],"version-history":[{"count":1,"href":"https:\/\/elterritorialweb.com.ar\/web\/wp-json\/wp\/v2\/posts\/54311\/revisions"}],"predecessor-version":[{"id":54313,"href":"https:\/\/elterritorialweb.com.ar\/web\/wp-json\/wp\/v2\/posts\/54311\/revisions\/54313"}],"wp:featuredmedia":[{"embeddable":true,"href":"https:\/\/elterritorialweb.com.ar\/web\/wp-json\/wp\/v2\/media\/54312"}],"wp:attachment":[{"href":"https:\/\/elterritorialweb.com.ar\/web\/wp-json\/wp\/v2\/media?parent=54311"}],"wp:term":[{"taxonomy":"category","embeddable":true,"href":"https:\/\/elterritorialweb.com.ar\/web\/wp-json\/wp\/v2\/categories?post=54311"},{"taxonomy":"post_tag","embeddable":true,"href":"https:\/\/elterritorialweb.com.ar\/web\/wp-json\/wp\/v2\/tags?post=54311"}],"curies":[{"name":"wp","href":"https:\/\/api.w.org\/{rel}","templated":true}]}}