{"id":54314,"date":"2023-06-17T03:12:01","date_gmt":"2023-06-17T03:12:01","guid":{"rendered":"http:\/\/elterritorialweb.com.ar\/web\/?p=54314"},"modified":"2023-06-17T03:16:19","modified_gmt":"2023-06-17T03:16:19","slug":"la-familia-perfecta-en-su-sexta-temporada-en-el-paraninfo","status":"publish","type":"post","link":"https:\/\/elterritorialweb.com.ar\/web\/la-familia-perfecta-en-su-sexta-temporada-en-el-paraninfo\/","title":{"rendered":"LA FAMILIA PERFECTA EN SU SEXTA TEMPORADA EN EL PARANINFO"},"content":{"rendered":"\n<p>El eje de la comedia se centra en tres actos no lineales y muchos juegos teatrales, que cuenta como en una cena familiar se develan muchos secretos mostrando con flash del pasado y muchas sorpresas.<\/p>\n\n\n\n<p>El p\u00fablico queda pegado a las butacas con los pasajes cargados de humor. Con el mismo elenco de hace dos a\u00f1os, en el escenario se presentan Cali Coronel, Rosi Torrez, Cari Nebel, Martin Santill\u00e1n, Gabriela Pachilla y Marcial Salcero.<\/p>\n\n\n\n<h3 class=\"wp-block-heading\">PROTAGONISTAS<\/h3>\n\n\n\n<p>Dedicado a contar historias desde diferentes lugares, la obra fue escrita y dirigida por Roque Riera. El actor, conocido tambi\u00e9n por ser integrante del grupo \u201cSombras y Trapos\u201d, conform\u00f3 muchos a\u00f1os el grupo mareaje. Varias veces premiado en el ambiente del teatro, hoy adem\u00e1s de \u201cLa Familia Perfecta\u201d realiza la obra \u201cEl Viejo Pr\u00edncipe\u201d.<\/p>\n\n\n\n<p>Cabe destacar, que, adem\u00e1s, trabaj\u00f3 durante este a\u00f1o y el pasado, en la pel\u00edcula \u201cAlmamula\u201d, consagrada a nivel internacional.<\/p>\n\n\n\n<p>Con duraci\u00f3n de m\u00e1s de una hora, los protagonistas de la historia muestran su talento y trayectoria. Por su parte Rosana Torrez, deja en claro su gran camino hasta llegar a esta aventura. La actriz form\u00f3 parte tambi\u00e9n de Bipolares, El Alma y su Cuerpo Etc., y de La Cadeter\u00eda.<\/p>\n\n\n\n<p>En tanto, Mart\u00edn Santill\u00e1n, integrante del grupo independiente de teatro de t\u00edteres \u201cSombras y Trapos\u201d, tambi\u00e9n conform\u00f3 el grupo Mareaje y particip\u00f3 en \u201cLa Cadeter\u00eda\u201d.<\/p>\n\n\n\n<p>P\u00e1rrafo aparte para Cari Nebel, profesora de franc\u00e9s y estudiante de profesorado de teatro; Gabriela Pachilla, animadora y locutora; y Marcial Salcedo, que dicta talleres de teatro; todas adem\u00e1s protagonistas de \u201cLa Cadeter\u00eda\u201d, hacen de la obra un espect\u00e1culo \u00fanico.<\/p>\n\n\n\n<h3 class=\"wp-block-heading\">MAS UN LUSTRO<\/h3>\n\n\n\n<p>Por sexto a\u00f1o -casi consecutivo-, solo pararon en tiempo de pandemia de Covid-19, la apuesta se fortalece y suma m\u00e1s seguidores a su extensa lista que comenz\u00f3 hace m\u00e1s diez a\u00f1os. Y pretende continuar por mucho tiempo m\u00e1s.<\/p>\n","protected":false},"excerpt":{"rendered":"<p>Risas y m\u00e1s risas es la apuesta de la obra que dirige el actor Roque Riera, y que junto a su equipo de artistas suben a escena por sexta vez. La cita para ver \u00abLa Familia Perfecta\u00bb es este s\u00e1bado 17 desde las 22 horas en el teatro Paraninfo de la Unse.<\/p>\n","protected":false},"author":2,"featured_media":54315,"comment_status":"open","ping_status":"open","sticky":false,"template":"","format":"standard","meta":{"om_disable_all_campaigns":false,"_monsterinsights_skip_tracking":false,"_monsterinsights_sitenote_active":false,"_monsterinsights_sitenote_note":"","_monsterinsights_sitenote_category":0,"_uf_show_specific_survey":0,"_uf_disable_surveys":false,"jetpack_post_was_ever_published":false,"_jetpack_newsletter_access":"","_jetpack_dont_email_post_to_subs":false,"_jetpack_newsletter_tier_id":0,"_jetpack_memberships_contains_paywalled_content":false,"_jetpack_memberships_contains_paid_content":false,"footnotes":"","jetpack_publicize_message":"","jetpack_publicize_feature_enabled":true,"jetpack_social_post_already_shared":true,"jetpack_social_options":{"image_generator_settings":{"template":"highway","default_image_id":0,"font":"","enabled":false},"version":2}},"categories":[20],"tags":[290,289,128],"class_list":["post-54314","post","type-post","status-publish","format-standard","has-post-thumbnail","hentry","category-especysociales","tag-comedia","tag-obra-de-teatro","tag-paraninfo-unse"],"aioseo_notices":[],"views":52,"jetpack_publicize_connections":[],"jetpack_featured_media_url":"https:\/\/i0.wp.com\/elterritorialweb.com.ar\/web\/wp-content\/uploads\/2023\/06\/WhatsApp-Image-2023-06-16-at-21.15.54.jpeg?fit=905%2C543&ssl=1","jetpack_sharing_enabled":true,"_links":{"self":[{"href":"https:\/\/elterritorialweb.com.ar\/web\/wp-json\/wp\/v2\/posts\/54314","targetHints":{"allow":["GET"]}}],"collection":[{"href":"https:\/\/elterritorialweb.com.ar\/web\/wp-json\/wp\/v2\/posts"}],"about":[{"href":"https:\/\/elterritorialweb.com.ar\/web\/wp-json\/wp\/v2\/types\/post"}],"author":[{"embeddable":true,"href":"https:\/\/elterritorialweb.com.ar\/web\/wp-json\/wp\/v2\/users\/2"}],"replies":[{"embeddable":true,"href":"https:\/\/elterritorialweb.com.ar\/web\/wp-json\/wp\/v2\/comments?post=54314"}],"version-history":[{"count":1,"href":"https:\/\/elterritorialweb.com.ar\/web\/wp-json\/wp\/v2\/posts\/54314\/revisions"}],"predecessor-version":[{"id":54316,"href":"https:\/\/elterritorialweb.com.ar\/web\/wp-json\/wp\/v2\/posts\/54314\/revisions\/54316"}],"wp:featuredmedia":[{"embeddable":true,"href":"https:\/\/elterritorialweb.com.ar\/web\/wp-json\/wp\/v2\/media\/54315"}],"wp:attachment":[{"href":"https:\/\/elterritorialweb.com.ar\/web\/wp-json\/wp\/v2\/media?parent=54314"}],"wp:term":[{"taxonomy":"category","embeddable":true,"href":"https:\/\/elterritorialweb.com.ar\/web\/wp-json\/wp\/v2\/categories?post=54314"},{"taxonomy":"post_tag","embeddable":true,"href":"https:\/\/elterritorialweb.com.ar\/web\/wp-json\/wp\/v2\/tags?post=54314"}],"curies":[{"name":"wp","href":"https:\/\/api.w.org\/{rel}","templated":true}]}}