{"id":54325,"date":"2023-06-18T01:24:27","date_gmt":"2023-06-18T01:24:27","guid":{"rendered":"http:\/\/elterritorialweb.com.ar\/web\/?p=54325"},"modified":"2023-06-18T01:49:14","modified_gmt":"2023-06-18T01:49:14","slug":"acto-por-el-200-aniversario-del-fallecimiento-del-general-guemes","status":"publish","type":"post","link":"https:\/\/elterritorialweb.com.ar\/web\/acto-por-el-200-aniversario-del-fallecimiento-del-general-guemes\/","title":{"rendered":"ACTO POR EL 202\u00b0 ANIVERSARIO DEL FALLECIMIENTO DEL GENERAL G\u00dcEMES"},"content":{"rendered":"\n<p>Estuvieron presentes los secretarios de Coordinaci\u00f3n de Gabinete, Daniel kobyla\u00f1ski; de Planeamiento, Obras y Servicios P\u00fablicos, Jorge Vila, y de Econom\u00eda, Anabel Arce; la subsecretaria de Obras P\u00fablicas, Rosa Allalla y directores.<\/p>\n\n\n\n<p>La ceremonia dio inicio con la entonaci\u00f3n del Himno Nacional, continu\u00f3 con una semblanza a cargo de oficial de Gendarmer\u00eda Nacional y con la colocaci\u00f3n de ofrendas florales al pie del monumento del General G\u00fcemes por parte de diferentes organismos y entidades del medio. Concluy\u00f3 con el Himno en honor al ex Gobernador de Salta.<\/p>\n","protected":false},"excerpt":{"rendered":"<p>Funcionarios municipales participaron del acto por un nuevo aniversario del paso a la inmortalidad del General Mart\u00edn Miguel de G\u00fcemes, que fue encabezado por el Vicegobernador Carlos Silva Neder en la plaza de G\u00fcemes y Paran\u00e1.<\/p>\n","protected":false},"author":2,"featured_media":54326,"comment_status":"open","ping_status":"open","sticky":false,"template":"","format":"standard","meta":{"om_disable_all_campaigns":false,"_monsterinsights_skip_tracking":false,"_monsterinsights_sitenote_active":false,"_monsterinsights_sitenote_note":"","_monsterinsights_sitenote_category":0,"_uf_show_specific_survey":0,"_uf_disable_surveys":false,"jetpack_post_was_ever_published":false,"_jetpack_newsletter_access":"","_jetpack_dont_email_post_to_subs":false,"_jetpack_newsletter_tier_id":0,"_jetpack_memberships_contains_paywalled_content":false,"_jetpack_memberships_contains_paid_content":false,"footnotes":"","jetpack_publicize_message":"","jetpack_publicize_feature_enabled":true,"jetpack_social_post_already_shared":true,"jetpack_social_options":{"image_generator_settings":{"template":"highway","default_image_id":0,"font":"","enabled":false},"version":2}},"categories":[4,21],"tags":[82,291,73,116],"class_list":["post-54325","post","type-post","status-publish","format-standard","has-post-thumbnail","hentry","category-destacadas","category-locales","tag-acto","tag-fallecimiento-general-miguel-martin-de-guemes","tag-municipalidad-de-la-capital","tag-norma-fuentes"],"aioseo_notices":[],"views":17,"jetpack_publicize_connections":[],"jetpack_featured_media_url":"https:\/\/i0.wp.com\/elterritorialweb.com.ar\/web\/wp-content\/uploads\/2023\/06\/acto-guemes.jpeg?fit=1600%2C985&ssl=1","jetpack_sharing_enabled":true,"_links":{"self":[{"href":"https:\/\/elterritorialweb.com.ar\/web\/wp-json\/wp\/v2\/posts\/54325","targetHints":{"allow":["GET"]}}],"collection":[{"href":"https:\/\/elterritorialweb.com.ar\/web\/wp-json\/wp\/v2\/posts"}],"about":[{"href":"https:\/\/elterritorialweb.com.ar\/web\/wp-json\/wp\/v2\/types\/post"}],"author":[{"embeddable":true,"href":"https:\/\/elterritorialweb.com.ar\/web\/wp-json\/wp\/v2\/users\/2"}],"replies":[{"embeddable":true,"href":"https:\/\/elterritorialweb.com.ar\/web\/wp-json\/wp\/v2\/comments?post=54325"}],"version-history":[{"count":2,"href":"https:\/\/elterritorialweb.com.ar\/web\/wp-json\/wp\/v2\/posts\/54325\/revisions"}],"predecessor-version":[{"id":54339,"href":"https:\/\/elterritorialweb.com.ar\/web\/wp-json\/wp\/v2\/posts\/54325\/revisions\/54339"}],"wp:featuredmedia":[{"embeddable":true,"href":"https:\/\/elterritorialweb.com.ar\/web\/wp-json\/wp\/v2\/media\/54326"}],"wp:attachment":[{"href":"https:\/\/elterritorialweb.com.ar\/web\/wp-json\/wp\/v2\/media?parent=54325"}],"wp:term":[{"taxonomy":"category","embeddable":true,"href":"https:\/\/elterritorialweb.com.ar\/web\/wp-json\/wp\/v2\/categories?post=54325"},{"taxonomy":"post_tag","embeddable":true,"href":"https:\/\/elterritorialweb.com.ar\/web\/wp-json\/wp\/v2\/tags?post=54325"}],"curies":[{"name":"wp","href":"https:\/\/api.w.org\/{rel}","templated":true}]}}