{"id":54328,"date":"2023-06-18T01:30:57","date_gmt":"2023-06-18T01:30:57","guid":{"rendered":"http:\/\/elterritorialweb.com.ar\/web\/?p=54328"},"modified":"2023-06-18T01:34:52","modified_gmt":"2023-06-18T01:34:52","slug":"colocaran-mas-1900-arboles-en-el-barrio-america-del-sur","status":"publish","type":"post","link":"https:\/\/elterritorialweb.com.ar\/web\/colocaran-mas-1900-arboles-en-el-barrio-america-del-sur\/","title":{"rendered":"PLANTAN M\u00c1S 1900 ARBOLES EN EL BARRIO AM\u00c9RICA DEL SUR"},"content":{"rendered":"\n<p>La Municipalidad de la Capital comenz\u00f3 con la plantaci\u00f3n de nuevos \u00e1rboles y la reposici\u00f3n de ejemplares da\u00f1ados en el barrio Am\u00e9rica del Sur, en el marco del programa de Arbolado Urbano 2023 impulsado por la intendente, Ing. Norma Fuentes.<\/p>\n\n\n\n<p>Una vez finalizados estos trabajos, se continuar\u00e1 en otros barrios de la ciudad para dar continuidad al plan de forestaci\u00f3n que, este a\u00f1o, tiene previsto plantar como m\u00ednimo 60 mil ejemplares, tal como establece la ordenanza impulsada por la intendente Fuentes y oportunamente sancionada por el Concejo Deliberante.<\/p>\n","protected":false},"excerpt":{"rendered":"<p>Las tareas, que se extender\u00e1n a lo largo de toda la semana que viene, incluyen la colocaci\u00f3n de m\u00e1s de 1900 plantas pertenecientes a las especies de mora h\u00edbrida, leucaena y para\u00edso, entre otras.<\/p>\n","protected":false},"author":2,"featured_media":54329,"comment_status":"open","ping_status":"open","sticky":false,"template":"","format":"standard","meta":{"om_disable_all_campaigns":false,"_monsterinsights_skip_tracking":false,"_monsterinsights_sitenote_active":false,"_monsterinsights_sitenote_note":"","_monsterinsights_sitenote_category":0,"_uf_show_specific_survey":0,"_uf_disable_surveys":false,"jetpack_post_was_ever_published":false,"_jetpack_newsletter_access":"","_jetpack_dont_email_post_to_subs":false,"_jetpack_newsletter_tier_id":0,"_jetpack_memberships_contains_paywalled_content":false,"_jetpack_memberships_contains_paid_content":false,"footnotes":"","jetpack_publicize_message":"","jetpack_publicize_feature_enabled":true,"jetpack_social_post_already_shared":true,"jetpack_social_options":{"image_generator_settings":{"template":"highway","default_image_id":0,"font":"","enabled":false},"version":2}},"categories":[21],"tags":[73,292],"class_list":["post-54328","post","type-post","status-publish","format-standard","has-post-thumbnail","hentry","category-locales","tag-municipalidad-de-la-capital","tag-plantacion-de-arboles"],"aioseo_notices":[],"views":12,"jetpack_publicize_connections":[],"jetpack_featured_media_url":"https:\/\/i0.wp.com\/elterritorialweb.com.ar\/web\/wp-content\/uploads\/2023\/06\/plantacion-america-del-sur.jpeg?fit=915%2C844&ssl=1","jetpack_sharing_enabled":true,"_links":{"self":[{"href":"https:\/\/elterritorialweb.com.ar\/web\/wp-json\/wp\/v2\/posts\/54328","targetHints":{"allow":["GET"]}}],"collection":[{"href":"https:\/\/elterritorialweb.com.ar\/web\/wp-json\/wp\/v2\/posts"}],"about":[{"href":"https:\/\/elterritorialweb.com.ar\/web\/wp-json\/wp\/v2\/types\/post"}],"author":[{"embeddable":true,"href":"https:\/\/elterritorialweb.com.ar\/web\/wp-json\/wp\/v2\/users\/2"}],"replies":[{"embeddable":true,"href":"https:\/\/elterritorialweb.com.ar\/web\/wp-json\/wp\/v2\/comments?post=54328"}],"version-history":[{"count":2,"href":"https:\/\/elterritorialweb.com.ar\/web\/wp-json\/wp\/v2\/posts\/54328\/revisions"}],"predecessor-version":[{"id":54332,"href":"https:\/\/elterritorialweb.com.ar\/web\/wp-json\/wp\/v2\/posts\/54328\/revisions\/54332"}],"wp:featuredmedia":[{"embeddable":true,"href":"https:\/\/elterritorialweb.com.ar\/web\/wp-json\/wp\/v2\/media\/54329"}],"wp:attachment":[{"href":"https:\/\/elterritorialweb.com.ar\/web\/wp-json\/wp\/v2\/media?parent=54328"}],"wp:term":[{"taxonomy":"category","embeddable":true,"href":"https:\/\/elterritorialweb.com.ar\/web\/wp-json\/wp\/v2\/categories?post=54328"},{"taxonomy":"post_tag","embeddable":true,"href":"https:\/\/elterritorialweb.com.ar\/web\/wp-json\/wp\/v2\/tags?post=54328"}],"curies":[{"name":"wp","href":"https:\/\/api.w.org\/{rel}","templated":true}]}}