{"id":54333,"date":"2023-06-18T01:41:31","date_gmt":"2023-06-18T01:41:31","guid":{"rendered":"http:\/\/elterritorialweb.com.ar\/web\/?p=54333"},"modified":"2023-06-18T01:41:34","modified_gmt":"2023-06-18T01:41:34","slug":"andres-pigu-romero-se-corono-en-el-xi-abierto-de-termas-de-rio-hondo","status":"publish","type":"post","link":"https:\/\/elterritorialweb.com.ar\/web\/andres-pigu-romero-se-corono-en-el-xi-abierto-de-termas-de-rio-hondo\/","title":{"rendered":"ANDR\u00c9S \u201cPIGU\u201d ROMERO SE CORON\u00d3 EN EL XI ABIERTO DE TERMAS DE R\u00cdO HONDO"},"content":{"rendered":"\n<p>Fue una jornada espectacular con una ajustada definici\u00f3n para cerrar los 72 hoyos que se jugaron durante esta semana, luego de tres desempates entre Romero, Emilio Dom\u00ednguez y Leandro Marelli en el hoyo 18, y un mano a mano final en cinco oportunidades entre Romero y Dom\u00ednguez con playoffs en el hoyo 10.<br>De esta manera el tucumano Andr\u00e9s Romero conquist\u00f3 el torneo correspondiente a la sexta fecha del calendario del Tour Profesional de Golf Argentino y de DEV Series.<br>Con salidas simult\u00e1neas y en categor\u00edas de profesionales y aficionados, los golfistas provenientes de distintos puntos de Latinoam\u00e9rica formaron parte de esta nueva edici\u00f3n en el exitoso campo dise\u00f1ado por Robert Trent Jones JR.<\/p>\n\n\n\n<figure class=\"wp-block-image size-large\"><a href=\"https:\/\/i0.wp.com\/elterritorialweb.com.ar\/web\/wp-content\/uploads\/2023\/06\/WhatsApp-Image-2023-06-17-at-20.34.17-1.jpeg\"><img data-recalc-dims=\"1\" decoding=\"async\" width=\"640\" height=\"435\" data-src=\"https:\/\/i0.wp.com\/elterritorialweb.com.ar\/web\/wp-content\/uploads\/2023\/06\/WhatsApp-Image-2023-06-17-at-20.34.17-1.jpeg?resize=640%2C435\" alt=\"\" class=\"wp-image-54335 lazyload\" data-srcset=\"https:\/\/i0.wp.com\/elterritorialweb.com.ar\/web\/wp-content\/uploads\/2023\/06\/WhatsApp-Image-2023-06-17-at-20.34.17-1.jpeg?resize=1024%2C696&amp;ssl=1 1024w, https:\/\/i0.wp.com\/elterritorialweb.com.ar\/web\/wp-content\/uploads\/2023\/06\/WhatsApp-Image-2023-06-17-at-20.34.17-1.jpeg?resize=300%2C204&amp;ssl=1 300w, https:\/\/i0.wp.com\/elterritorialweb.com.ar\/web\/wp-content\/uploads\/2023\/06\/WhatsApp-Image-2023-06-17-at-20.34.17-1.jpeg?resize=768%2C522&amp;ssl=1 768w, https:\/\/i0.wp.com\/elterritorialweb.com.ar\/web\/wp-content\/uploads\/2023\/06\/WhatsApp-Image-2023-06-17-at-20.34.17-1.jpeg?resize=1536%2C1044&amp;ssl=1 1536w, https:\/\/i0.wp.com\/elterritorialweb.com.ar\/web\/wp-content\/uploads\/2023\/06\/WhatsApp-Image-2023-06-17-at-20.34.17-1.jpeg?w=1600&amp;ssl=1 1600w, https:\/\/i0.wp.com\/elterritorialweb.com.ar\/web\/wp-content\/uploads\/2023\/06\/WhatsApp-Image-2023-06-17-at-20.34.17-1.jpeg?w=1280 1280w\" data-sizes=\"(max-width: 640px) 100vw, 640px\" src=\"data:image\/svg+xml;base64,PHN2ZyB3aWR0aD0iMSIgaGVpZ2h0PSIxIiB4bWxucz0iaHR0cDovL3d3dy53My5vcmcvMjAwMC9zdmciPjwvc3ZnPg==\" style=\"--smush-placeholder-width: 640px; --smush-placeholder-aspect-ratio: 640\/435;\" \/><\/a><\/figure>\n\n\n\n<p>La entrega de premios fue encabezada por el secretario de Deportes de la provincia, Carlos Dapello; el presidente ejecutivo del Golf Club, Juan Manuel Pereyra, y el presidente del Tour de Profesionales de Golf de Argentina, Cesar Monasterio.<br>Los participantes destacaron el nivel de juego del torneo, la excelencia del campo.<br>\u201cFue otra definici\u00f3n de lujo, lo vivimos en el PGA TOUR tambi\u00e9n, y en esta oportunidad nos toca vivir algo apasionante en este deporte, otra serie de desempates y con la presencia de golfistas de primer nivel\u201d, resalt\u00f3 Pereyra.<\/p>\n\n\n\n<figure class=\"wp-block-image size-large\"><a href=\"https:\/\/i0.wp.com\/elterritorialweb.com.ar\/web\/wp-content\/uploads\/2023\/06\/WhatsApp-Image-2023-06-17-at-20.34.17.jpeg\"><img data-recalc-dims=\"1\" decoding=\"async\" width=\"640\" height=\"401\" data-src=\"https:\/\/i0.wp.com\/elterritorialweb.com.ar\/web\/wp-content\/uploads\/2023\/06\/WhatsApp-Image-2023-06-17-at-20.34.17.jpeg?resize=640%2C401\" alt=\"\" class=\"wp-image-54336 lazyload\" data-srcset=\"https:\/\/i0.wp.com\/elterritorialweb.com.ar\/web\/wp-content\/uploads\/2023\/06\/WhatsApp-Image-2023-06-17-at-20.34.17.jpeg?resize=1024%2C641&amp;ssl=1 1024w, https:\/\/i0.wp.com\/elterritorialweb.com.ar\/web\/wp-content\/uploads\/2023\/06\/WhatsApp-Image-2023-06-17-at-20.34.17.jpeg?resize=300%2C188&amp;ssl=1 300w, https:\/\/i0.wp.com\/elterritorialweb.com.ar\/web\/wp-content\/uploads\/2023\/06\/WhatsApp-Image-2023-06-17-at-20.34.17.jpeg?resize=768%2C481&amp;ssl=1 768w, https:\/\/i0.wp.com\/elterritorialweb.com.ar\/web\/wp-content\/uploads\/2023\/06\/WhatsApp-Image-2023-06-17-at-20.34.17.jpeg?resize=1536%2C962&amp;ssl=1 1536w, https:\/\/i0.wp.com\/elterritorialweb.com.ar\/web\/wp-content\/uploads\/2023\/06\/WhatsApp-Image-2023-06-17-at-20.34.17.jpeg?resize=800%2C500&amp;ssl=1 800w, https:\/\/i0.wp.com\/elterritorialweb.com.ar\/web\/wp-content\/uploads\/2023\/06\/WhatsApp-Image-2023-06-17-at-20.34.17.jpeg?resize=400%2C250&amp;ssl=1 400w, https:\/\/i0.wp.com\/elterritorialweb.com.ar\/web\/wp-content\/uploads\/2023\/06\/WhatsApp-Image-2023-06-17-at-20.34.17.jpeg?w=1600&amp;ssl=1 1600w, https:\/\/i0.wp.com\/elterritorialweb.com.ar\/web\/wp-content\/uploads\/2023\/06\/WhatsApp-Image-2023-06-17-at-20.34.17.jpeg?w=1280 1280w\" data-sizes=\"(max-width: 640px) 100vw, 640px\" src=\"data:image\/svg+xml;base64,PHN2ZyB3aWR0aD0iMSIgaGVpZ2h0PSIxIiB4bWxucz0iaHR0cDovL3d3dy53My5vcmcvMjAwMC9zdmciPjwvc3ZnPg==\" style=\"--smush-placeholder-width: 640px; --smush-placeholder-aspect-ratio: 640\/401;\" \/><\/a><\/figure>\n\n\n\n<p>A su turno, Dapello transmiti\u00f3 los saludos del gobernador Gerardo Zamora y de la presidente provisional del Senado, Claudia de Zamora, y coment\u00f3 que \u00abeste evento demuestra jerarqu\u00eda, da un salto de la calidad inigualable\u00bb.<\/p>\n","protected":false},"excerpt":{"rendered":"<p>El hist\u00f3rico Andr\u00e9s \u00abPigu\u00bb Romero se consagr\u00f3 este s\u00e1bado en el XI Abierto del Golf Club Termas de R\u00edo Hondo.<\/p>\n","protected":false},"author":2,"featured_media":54334,"comment_status":"open","ping_status":"open","sticky":false,"template":"","format":"standard","meta":{"om_disable_all_campaigns":false,"_monsterinsights_skip_tracking":false,"_monsterinsights_sitenote_active":false,"_monsterinsights_sitenote_note":"","_monsterinsights_sitenote_category":0,"_uf_show_specific_survey":0,"_uf_disable_surveys":false,"jetpack_post_was_ever_published":false,"_jetpack_newsletter_access":"","_jetpack_dont_email_post_to_subs":false,"_jetpack_newsletter_tier_id":0,"_jetpack_memberships_contains_paywalled_content":false,"_jetpack_memberships_contains_paid_content":false,"footnotes":"","jetpack_publicize_message":"","jetpack_publicize_feature_enabled":true,"jetpack_social_post_already_shared":true,"jetpack_social_options":{"image_generator_settings":{"template":"highway","default_image_id":0,"font":"","enabled":false},"version":2}},"categories":[6,4],"tags":[275,162],"class_list":["post-54333","post","type-post","status-publish","format-standard","has-post-thumbnail","hentry","category-deportes","category-destacadas","tag-ix-abierto-de-golf","tag-termas-de-rio-hondo-golf-club"],"aioseo_notices":[],"views":15,"jetpack_publicize_connections":[],"jetpack_featured_media_url":"https:\/\/i0.wp.com\/elterritorialweb.com.ar\/web\/wp-content\/uploads\/2023\/06\/WhatsApp-Image-2023-06-17-at-20.34.18.jpeg?fit=1600%2C1245&ssl=1","jetpack_sharing_enabled":true,"_links":{"self":[{"href":"https:\/\/elterritorialweb.com.ar\/web\/wp-json\/wp\/v2\/posts\/54333","targetHints":{"allow":["GET"]}}],"collection":[{"href":"https:\/\/elterritorialweb.com.ar\/web\/wp-json\/wp\/v2\/posts"}],"about":[{"href":"https:\/\/elterritorialweb.com.ar\/web\/wp-json\/wp\/v2\/types\/post"}],"author":[{"embeddable":true,"href":"https:\/\/elterritorialweb.com.ar\/web\/wp-json\/wp\/v2\/users\/2"}],"replies":[{"embeddable":true,"href":"https:\/\/elterritorialweb.com.ar\/web\/wp-json\/wp\/v2\/comments?post=54333"}],"version-history":[{"count":1,"href":"https:\/\/elterritorialweb.com.ar\/web\/wp-json\/wp\/v2\/posts\/54333\/revisions"}],"predecessor-version":[{"id":54337,"href":"https:\/\/elterritorialweb.com.ar\/web\/wp-json\/wp\/v2\/posts\/54333\/revisions\/54337"}],"wp:featuredmedia":[{"embeddable":true,"href":"https:\/\/elterritorialweb.com.ar\/web\/wp-json\/wp\/v2\/media\/54334"}],"wp:attachment":[{"href":"https:\/\/elterritorialweb.com.ar\/web\/wp-json\/wp\/v2\/media?parent=54333"}],"wp:term":[{"taxonomy":"category","embeddable":true,"href":"https:\/\/elterritorialweb.com.ar\/web\/wp-json\/wp\/v2\/categories?post=54333"},{"taxonomy":"post_tag","embeddable":true,"href":"https:\/\/elterritorialweb.com.ar\/web\/wp-json\/wp\/v2\/tags?post=54333"}],"curies":[{"name":"wp","href":"https:\/\/api.w.org\/{rel}","templated":true}]}}