{"id":54338,"date":"2023-06-18T01:56:45","date_gmt":"2023-06-18T01:56:45","guid":{"rendered":"http:\/\/elterritorialweb.com.ar\/web\/?p=54338"},"modified":"2023-06-18T01:56:48","modified_gmt":"2023-06-18T01:56:48","slug":"la-municipalidad-de-la-banda-conmemoro-el-202-aniversario-del-paso-a-la-inmortalidad-del-general-guemes","status":"publish","type":"post","link":"https:\/\/elterritorialweb.com.ar\/web\/la-municipalidad-de-la-banda-conmemoro-el-202-aniversario-del-paso-a-la-inmortalidad-del-general-guemes\/","title":{"rendered":"LA MUNICIPALIDAD DE LA BANDA CONMEMOR\u00d3 EL 202\u00b0 ANIVERSARIO DEL PASO A LA INMORTALIDAD DEL GENERAL G\u00dcEMES"},"content":{"rendered":"\n<p>El acto se llev\u00f3 a cabo en la ma\u00f1ana del s\u00e1bado, en el monumento erguido en su honor, ubicado en Av. San Mart\u00edn y Arist\u00f3bulo del Valle, donde estuvo presente el viceintendente de la ciudad, Gabriel Santill\u00e1n; la secretaria de Gobierno, Victoria Torres; la subsecretaria de Educaci\u00f3n y Cultura, Alejandra Far\u00edas, integrantes del Honorable Concejo Deliberante de La Banda\u00a0 y representantes de instituciones intermedias locales, provinciales y nacionales como: Gendarmer\u00eda, Bomberos Voluntarios, Centro G\u00fcemesiano \u00abInfernales\u00bb, Rotary Club, Museo Municipal \u201cL\u00e1zaro Criado\u201d; Club de Le\u00f3n \u201cWashington \u00c1balos\u201d, Centro de ex soldados y combatientes de Malvinas, Instituci\u00f3n Belgraniana, Asociaci\u00f3n Sanmartiniana, Centro Cultural \u00abHomero Manzi\u00bb, Junta de Calificaciones y Clasificaciones de La Banda, Alerta Banda y autoridades de los los jardines de infantes municipales N\u00b0 6, 7, 10, 18 y 19, \u00abLuis Pesci\u00bb, \u00abHuahuitas\u00bb, \u00abOsitos Cari\u00f1osos\u00bb, \u00abRinc\u00f3n de Luz\u00bb y \u00abZaida Tejeda de Villaverde\u00bb, respectivamente.<\/p>\n\n\n\n<p>Luego de las palabras de bienvenida, los presentes entonaron nuestra canci\u00f3n patria; seguidamente el Dr. Osvaldo Casta\u00f1ares, presidente del Centro G\u00fcemerciano \u00abInfernales\u00bb hizo referencia a la vida de este gran pr\u00f3cer, para ser continuado por el viceintendente Santill\u00e1n y\u00a0 posteriormente realizar la colocaci\u00f3n de la ofrenda florar por parte del Ejecutivo y Legislativo municipal y finalizar se cant\u00f3 el Himno a G\u00fcemes.<\/p>\n\n\n\n<p>En esta oportunidad, el dr. Casta\u00f1eres manifest\u00f3: \u00abEste es otro a\u00f1o por el aniversario de la desaparici\u00f3n f\u00edsica de G\u00fcemes pero que no desaparece su legado y estamos empe\u00f1ados con las asociaciones intermedias culturales e hist\u00f3ricas de preservar ese legado, de difundirlo, que su vida no haya sido en vano\u00bb.<br>\u00abSabemos todo lo que tuvo que pasar para llegar a sus pocos 36 a\u00f1os, para realizar este\u00a0 afianzamiento de la independencia nacional sin poco sufrimiento y con inferioridad de condiciones pero que con su car\u00e1cter y su influjo\u00a0 educ\u00f3 a cientos de gauchos para que entrara en ellos, ese esp\u00edritu patri\u00f3tico y defender el terru\u00f1o\u00bb, finaliz\u00f3.<\/p>\n\n\n\n<figure class=\"wp-block-image size-large\"><a href=\"https:\/\/i0.wp.com\/elterritorialweb.com.ar\/web\/wp-content\/uploads\/2023\/06\/WhatsApp-Image-2023-06-17-at-15.42.41.jpeg\"><img data-recalc-dims=\"1\" decoding=\"async\" width=\"640\" height=\"426\" data-src=\"https:\/\/i0.wp.com\/elterritorialweb.com.ar\/web\/wp-content\/uploads\/2023\/06\/WhatsApp-Image-2023-06-17-at-15.42.41.jpeg?resize=640%2C426\" alt=\"\" class=\"wp-image-54340 lazyload\" data-srcset=\"https:\/\/i0.wp.com\/elterritorialweb.com.ar\/web\/wp-content\/uploads\/2023\/06\/WhatsApp-Image-2023-06-17-at-15.42.41.jpeg?resize=1024%2C682&amp;ssl=1 1024w, https:\/\/i0.wp.com\/elterritorialweb.com.ar\/web\/wp-content\/uploads\/2023\/06\/WhatsApp-Image-2023-06-17-at-15.42.41.jpeg?resize=300%2C200&amp;ssl=1 300w, https:\/\/i0.wp.com\/elterritorialweb.com.ar\/web\/wp-content\/uploads\/2023\/06\/WhatsApp-Image-2023-06-17-at-15.42.41.jpeg?resize=768%2C512&amp;ssl=1 768w, https:\/\/i0.wp.com\/elterritorialweb.com.ar\/web\/wp-content\/uploads\/2023\/06\/WhatsApp-Image-2023-06-17-at-15.42.41.jpeg?resize=1536%2C1023&amp;ssl=1 1536w, https:\/\/i0.wp.com\/elterritorialweb.com.ar\/web\/wp-content\/uploads\/2023\/06\/WhatsApp-Image-2023-06-17-at-15.42.41.jpeg?w=1600&amp;ssl=1 1600w, https:\/\/i0.wp.com\/elterritorialweb.com.ar\/web\/wp-content\/uploads\/2023\/06\/WhatsApp-Image-2023-06-17-at-15.42.41.jpeg?w=1280 1280w\" data-sizes=\"(max-width: 640px) 100vw, 640px\" src=\"data:image\/svg+xml;base64,PHN2ZyB3aWR0aD0iMSIgaGVpZ2h0PSIxIiB4bWxucz0iaHR0cDovL3d3dy53My5vcmcvMjAwMC9zdmciPjwvc3ZnPg==\" style=\"--smush-placeholder-width: 640px; --smush-placeholder-aspect-ratio: 640\/426;\" \/><\/a><\/figure>\n\n\n\n<p>Por su parte, la subsecretaria de Educaci\u00f3n y Cultura, expres\u00f3: \u00abEstamos para conmemorar una fecha tan importante para nuestra historia nacional como es G\u00fcemes, quien es realmente, creo, el padre que abraza a todos los gauchos, nos ha regalado hombres valiosos y despojados tal cual como \u00e9l porque como resaltaba el doctor Casta\u00f1ares, a pesar de venir de una familia acomodada para la \u00e9poca y para la historia, \u00e9l ha tenido la humildad y el desprendimiento de priorizar antes que su vida a la patria y el legado\u00bb.<\/p>\n\n\n\n<p>Para finalizar, el viceintendente Santill\u00e1n, dijo: \u00abHoy celebramos todos los argentinos y adem\u00e1s, quiero agradecer por parte del se\u00f1or intendente, Roger Nediani, a las asociaciones intermedias,\u00a0 en este caso puntualmente al Centro G\u00fcemesiano, en la persona del doctor Osvaldo Casta\u00f1ares y a los miembros que nos acompa\u00f1an para recordar y conmemorar este acontecimiento tan importante y sobre todo a un h\u00e9roe como lo es Mart\u00edn Miguel de G\u00fcemes\u00bb.<\/p>\n\n\n\n<p>\u00abAdem\u00e1s, estos actos nos permiten la reflexi\u00f3n y pensar que m\u00e1s all\u00e1 de su importancia en la guerra gaucha, ha sido fundamental para algunas victorias, por ejemplo la de Suipacha\u00bb.<br>\u00abHoy en d\u00eda nos encontramos en un contexto pol\u00edtico y econ\u00f3mico turbulento a nivel nacional, entonces, por qu\u00e9 no imitar a los que nos han ense\u00f1ado, como en este caso G\u00fcemes, a dejar el confort y luchar por nuestra patria, a pensar en una patria m\u00e1s soberana, m\u00e1s justa y m\u00e1s igualitaria\u00bb, concluy\u00f3 Santill\u00e1n.<\/p>\n","protected":false},"excerpt":{"rendered":"<p>Como cada 17 de junio, La Municipalidad de La Banda, conmemora el fallecimiento del gran militar y pol\u00edtico, Gral. Mart\u00edn Miguel de G\u00fcemes, pieza fundamental en nuestra independencia.<\/p>\n","protected":false},"author":2,"featured_media":54341,"comment_status":"open","ping_status":"open","sticky":false,"template":"","format":"standard","meta":{"om_disable_all_campaigns":false,"_monsterinsights_skip_tracking":false,"_monsterinsights_sitenote_active":false,"_monsterinsights_sitenote_note":"","_monsterinsights_sitenote_category":0,"_uf_show_specific_survey":0,"_uf_disable_surveys":false,"jetpack_post_was_ever_published":false,"_jetpack_newsletter_access":"","_jetpack_dont_email_post_to_subs":false,"_jetpack_newsletter_tier_id":0,"_jetpack_memberships_contains_paywalled_content":false,"_jetpack_memberships_contains_paid_content":false,"footnotes":"","jetpack_publicize_message":"","jetpack_publicize_feature_enabled":true,"jetpack_social_post_already_shared":true,"jetpack_social_options":{"image_generator_settings":{"template":"highway","default_image_id":0,"font":"","enabled":false},"version":2}},"categories":[9],"tags":[82,291,71],"class_list":["post-54338","post","type-post","status-publish","format-standard","has-post-thumbnail","hentry","category-banda","tag-acto","tag-fallecimiento-general-miguel-martin-de-guemes","tag-municipalidad-de-la-banda"],"aioseo_notices":[],"views":21,"jetpack_publicize_connections":[],"jetpack_featured_media_url":"https:\/\/i0.wp.com\/elterritorialweb.com.ar\/web\/wp-content\/uploads\/2023\/06\/WhatsApp-Image-2023-06-17-at-15.42.40.jpeg?fit=1600%2C1066&ssl=1","jetpack_sharing_enabled":true,"_links":{"self":[{"href":"https:\/\/elterritorialweb.com.ar\/web\/wp-json\/wp\/v2\/posts\/54338","targetHints":{"allow":["GET"]}}],"collection":[{"href":"https:\/\/elterritorialweb.com.ar\/web\/wp-json\/wp\/v2\/posts"}],"about":[{"href":"https:\/\/elterritorialweb.com.ar\/web\/wp-json\/wp\/v2\/types\/post"}],"author":[{"embeddable":true,"href":"https:\/\/elterritorialweb.com.ar\/web\/wp-json\/wp\/v2\/users\/2"}],"replies":[{"embeddable":true,"href":"https:\/\/elterritorialweb.com.ar\/web\/wp-json\/wp\/v2\/comments?post=54338"}],"version-history":[{"count":1,"href":"https:\/\/elterritorialweb.com.ar\/web\/wp-json\/wp\/v2\/posts\/54338\/revisions"}],"predecessor-version":[{"id":54342,"href":"https:\/\/elterritorialweb.com.ar\/web\/wp-json\/wp\/v2\/posts\/54338\/revisions\/54342"}],"wp:featuredmedia":[{"embeddable":true,"href":"https:\/\/elterritorialweb.com.ar\/web\/wp-json\/wp\/v2\/media\/54341"}],"wp:attachment":[{"href":"https:\/\/elterritorialweb.com.ar\/web\/wp-json\/wp\/v2\/media?parent=54338"}],"wp:term":[{"taxonomy":"category","embeddable":true,"href":"https:\/\/elterritorialweb.com.ar\/web\/wp-json\/wp\/v2\/categories?post=54338"},{"taxonomy":"post_tag","embeddable":true,"href":"https:\/\/elterritorialweb.com.ar\/web\/wp-json\/wp\/v2\/tags?post=54338"}],"curies":[{"name":"wp","href":"https:\/\/api.w.org\/{rel}","templated":true}]}}