{"id":54347,"date":"2023-06-18T02:59:31","date_gmt":"2023-06-18T02:59:31","guid":{"rendered":"http:\/\/elterritorialweb.com.ar\/web\/?p=54347"},"modified":"2023-06-18T03:01:17","modified_gmt":"2023-06-18T03:01:17","slug":"river-le-gano-a-defensa-y-justicia-y-estiro-la-diferencia-en-lo-mas-alto","status":"publish","type":"post","link":"https:\/\/elterritorialweb.com.ar\/web\/river-le-gano-a-defensa-y-justicia-y-estiro-la-diferencia-en-lo-mas-alto\/","title":{"rendered":"RIVER LE GAN\u00d3 A DEFENSA Y JUSTICIA Y ESTIR\u00d3 LA DIFERENCIA EN LO M\u00c1S ALTO"},"content":{"rendered":"\n<p>River sali\u00f3 a no dejar jugar a Defensa y Justicia y lo acorral\u00f3 en su campo. Las primeras llegadas con peligro fueron una para cada lado: Lucas Beltr\u00e1n y Nicol\u00e1s Fern\u00e1ndez tuvieron sus chances con remates desviados. Luego, el 18 habilit\u00f3 a Nacho Fern\u00e1ndez, pero su puntazo dio en el palo izquierdo de Ezequiel Unsain. En la jugada siguiente, Franco Armani respondi\u00f3 bien abajo ante un cierre forzado de Andr\u00e9s Herrera.<\/p>\n\n\n\n<figure class=\"wp-block-image size-large\"><a href=\"https:\/\/i0.wp.com\/elterritorialweb.com.ar\/web\/wp-content\/uploads\/2023\/06\/river-defensa-scaled.jpg\"><img data-recalc-dims=\"1\" decoding=\"async\" width=\"640\" height=\"427\" data-src=\"https:\/\/i0.wp.com\/elterritorialweb.com.ar\/web\/wp-content\/uploads\/2023\/06\/river-defensa.jpg?resize=640%2C427\" alt=\"\" class=\"wp-image-54351 lazyload\" data-srcset=\"https:\/\/i0.wp.com\/elterritorialweb.com.ar\/web\/wp-content\/uploads\/2023\/06\/river-defensa-scaled.jpg?resize=1024%2C683&amp;ssl=1 1024w, https:\/\/i0.wp.com\/elterritorialweb.com.ar\/web\/wp-content\/uploads\/2023\/06\/river-defensa-scaled.jpg?resize=300%2C200&amp;ssl=1 300w, https:\/\/i0.wp.com\/elterritorialweb.com.ar\/web\/wp-content\/uploads\/2023\/06\/river-defensa-scaled.jpg?resize=768%2C512&amp;ssl=1 768w, https:\/\/i0.wp.com\/elterritorialweb.com.ar\/web\/wp-content\/uploads\/2023\/06\/river-defensa-scaled.jpg?resize=1536%2C1024&amp;ssl=1 1536w, https:\/\/i0.wp.com\/elterritorialweb.com.ar\/web\/wp-content\/uploads\/2023\/06\/river-defensa-scaled.jpg?resize=2048%2C1366&amp;ssl=1 2048w, https:\/\/i0.wp.com\/elterritorialweb.com.ar\/web\/wp-content\/uploads\/2023\/06\/river-defensa-scaled.jpg?w=1280 1280w, https:\/\/i0.wp.com\/elterritorialweb.com.ar\/web\/wp-content\/uploads\/2023\/06\/river-defensa-scaled.jpg?w=1920 1920w\" data-sizes=\"(max-width: 640px) 100vw, 640px\" src=\"data:image\/svg+xml;base64,PHN2ZyB3aWR0aD0iMSIgaGVpZ2h0PSIxIiB4bWxucz0iaHR0cDovL3d3dy53My5vcmcvMjAwMC9zdmciPjwvc3ZnPg==\" style=\"--smush-placeholder-width: 640px; --smush-placeholder-aspect-ratio: 640\/427;\" \/><\/a><\/figure>\n\n\n\n<p>Las chances para el Millonario continuaron: el arquero rival tap\u00f3 situaciones muy claras en los pies de Nacho Fern\u00e1ndez y Beltr\u00e1n casi marca un golazo, pero su buena definici\u00f3n encontr\u00f3 el rechazo de Alexis Soto sobre la l\u00ednea. En las \u00faltimas dos, nadie lleg\u00f3 a encontrar un centro peligroso de Herrera desde la derecha y luego Unsain le tap\u00f3 un buen derechazo a Esequiel Barco (Nacho tir\u00f3 alto el rebote).<\/p>\n\n\n\n<figure class=\"wp-block-image size-full is-resized\"><a href=\"https:\/\/i0.wp.com\/elterritorialweb.com.ar\/web\/wp-content\/uploads\/2023\/06\/river-defensa-1.jpg\"><img data-recalc-dims=\"1\" decoding=\"async\" data-src=\"https:\/\/i0.wp.com\/elterritorialweb.com.ar\/web\/wp-content\/uploads\/2023\/06\/river-defensa-1.jpg?resize=640%2C427\" alt=\"\" class=\"wp-image-54350 lazyload\" width=\"640\" height=\"427\" data-srcset=\"https:\/\/i0.wp.com\/elterritorialweb.com.ar\/web\/wp-content\/uploads\/2023\/06\/river-defensa-1.jpg?w=679&amp;ssl=1 679w, https:\/\/i0.wp.com\/elterritorialweb.com.ar\/web\/wp-content\/uploads\/2023\/06\/river-defensa-1.jpg?resize=300%2C200&amp;ssl=1 300w\" data-sizes=\"(max-width: 640px) 100vw, 640px\" src=\"data:image\/svg+xml;base64,PHN2ZyB3aWR0aD0iMSIgaGVpZ2h0PSIxIiB4bWxucz0iaHR0cDovL3d3dy53My5vcmcvMjAwMC9zdmciPjwvc3ZnPg==\" style=\"--smush-placeholder-width: 640px; --smush-placeholder-aspect-ratio: 640\/427;\" \/><\/a><\/figure>\n\n\n\n<p>Apenas iniciado el segundo tiempo, Nacho Fern\u00e1ndez control\u00f3 bien dentro del \u00e1rea, pero no pudo definir con comodidad. River estaba volcado en ataque y consigui\u00f3 la merecida ventaja con un sutil zurdazo de Nico De La Cruz, tras pase de Pablo Solari desde la derecha. A los pocos minutos, Rodrigo Aliendro casi ampl\u00eda el marcador con un buen remate desde afuera, que pas\u00f3 muy cerca del palo derecho de Unsain.<\/p>\n\n\n\n<figure class=\"wp-block-image size-full is-resized\"><a href=\"https:\/\/i0.wp.com\/elterritorialweb.com.ar\/web\/wp-content\/uploads\/2023\/06\/river-defensa-2.jpg\"><img data-recalc-dims=\"1\" decoding=\"async\" data-src=\"https:\/\/i0.wp.com\/elterritorialweb.com.ar\/web\/wp-content\/uploads\/2023\/06\/river-defensa-2.jpg?resize=640%2C427\" alt=\"\" class=\"wp-image-54349 lazyload\" width=\"640\" height=\"427\" data-srcset=\"https:\/\/i0.wp.com\/elterritorialweb.com.ar\/web\/wp-content\/uploads\/2023\/06\/river-defensa-2.jpg?w=679&amp;ssl=1 679w, https:\/\/i0.wp.com\/elterritorialweb.com.ar\/web\/wp-content\/uploads\/2023\/06\/river-defensa-2.jpg?resize=300%2C200&amp;ssl=1 300w\" data-sizes=\"(max-width: 640px) 100vw, 640px\" src=\"data:image\/svg+xml;base64,PHN2ZyB3aWR0aD0iMSIgaGVpZ2h0PSIxIiB4bWxucz0iaHR0cDovL3d3dy53My5vcmcvMjAwMC9zdmciPjwvc3ZnPg==\" style=\"--smush-placeholder-width: 640px; --smush-placeholder-aspect-ratio: 640\/427;\" \/><\/a><\/figure>\n\n\n\n<p>Defensa y Justicia tuvo una oportunidad aislada para empatar, con una corrida de Santiago Solari, pero defini\u00f3 desviado sobre el primer palo de Armani. En el final, Barco encar\u00f3 y se meti\u00f3 en el \u00e1rea para sacar un zurdazo que se encontr\u00f3 con la buena respuesta del arquero rival. Con esta victoria, el Millonario sac\u00f3 siete puntos de diferencia en el torneo; el pr\u00f3ximo compromiso ser\u00e1 el jueves que viene, frente a Instituto, otra vez en casa.<\/p>\n\n\n\n<figure class=\"wp-block-embed is-type-rich is-provider-twitter wp-block-embed-twitter\"><div class=\"wp-block-embed__wrapper\">\nhttps:\/\/twitter.com\/RiverPlate\/status\/1670237267967848450\n<\/div><\/figure>\n\n\n\n<h3 class=\"wp-block-heading\"><strong>S<\/strong>\u00edntesis del Partido<\/h3>\n\n\n\n<p><strong>RIVER PLATE (1):<\/strong>\u00a0Franco Armani (C); Andr\u00e9s Herrera, Paulo D\u00edaz, Leandro Gonz\u00e1lez Pirez, Milton Casco; Rodrigo Aliendro, Nicol\u00e1s De La Cruz; Ignacio Fern\u00e1ndez, Esequiel Barco; Pablo Solari y Lucas Beltr\u00e1n. DT: Mart\u00edn Demichelis.<br><strong>Cambios:<\/strong>\u00a0Kranevitter por Solari, Sim\u00f3n por Fern\u00e1ndez.<\/p>\n\n\n\n<p><strong>DEFENSA Y JUSTICIA (0):<\/strong>\u00a0Ezequiel Unsain; Agust\u00edn Sant\u2019Anna, Nazareno Colombo, Tom\u00e1s Cardona, Alexis Soto; Juli\u00e1n L\u00f3pez, Kevin Guti\u00e9rrez, Gabriel Alan\u00eds, David Barbona; Gast\u00f3n Togni y Nicol\u00e1s Fern\u00e1ndez. DT: Julio Vaccari.<br><strong>Cambios:<\/strong>\u00a0Bogar\u00edn por Barbona, Solari por Guti\u00e9rrez, Miritello por Sant\u2019Anna.<\/p>\n\n\n\n<p><strong>Gol:<\/strong>&nbsp;De La Cruz (RP).<\/p>\n\n\n\n<p><strong>Amonestados:<\/strong>&nbsp;Alan\u00eds, Guti\u00e9rrez, Solari (DJ).<\/p>\n\n\n\n<p><strong>\u00c1rbitro:<\/strong>\u00a0Fernando Rapallini.<\/p>\n\n\n\n<p><strong>Estadio:<\/strong> Monumental<\/p>\n","protected":false},"excerpt":{"rendered":"<p>Con buen juego y muchas situaciones, el equipo de Demichelis, se impuso 1-0 a Defensa y Justicia con gol de Nicol\u00e1s De La Cruz.<\/p>\n","protected":false},"author":2,"featured_media":54352,"comment_status":"open","ping_status":"open","sticky":false,"template":"","format":"standard","meta":{"om_disable_all_campaigns":false,"_monsterinsights_skip_tracking":false,"_monsterinsights_sitenote_active":false,"_monsterinsights_sitenote_note":"","_monsterinsights_sitenote_category":0,"_uf_show_specific_survey":0,"_uf_disable_surveys":false,"jetpack_post_was_ever_published":false,"_jetpack_newsletter_access":"","_jetpack_dont_email_post_to_subs":false,"_jetpack_newsletter_tier_id":0,"_jetpack_memberships_contains_paywalled_content":false,"_jetpack_memberships_contains_paid_content":false,"footnotes":"","jetpack_publicize_message":"","jetpack_publicize_feature_enabled":true,"jetpack_social_post_already_shared":true,"jetpack_social_options":{"image_generator_settings":{"template":"highway","default_image_id":0,"font":"","enabled":false},"version":2}},"categories":[6,4],"tags":[295,104,44],"class_list":["post-54347","post","type-post","status-publish","format-standard","has-post-thumbnail","hentry","category-deportes","category-destacadas","tag-defensa-y-justicia","tag-liga-profesional-de-futbol","tag-river-plate"],"aioseo_notices":[],"views":12,"jetpack_publicize_connections":[],"jetpack_featured_media_url":"https:\/\/i0.wp.com\/elterritorialweb.com.ar\/web\/wp-content\/uploads\/2023\/06\/river-defensa-4-scaled.jpg?fit=2560%2C1707&ssl=1","jetpack_sharing_enabled":true,"_links":{"self":[{"href":"https:\/\/elterritorialweb.com.ar\/web\/wp-json\/wp\/v2\/posts\/54347","targetHints":{"allow":["GET"]}}],"collection":[{"href":"https:\/\/elterritorialweb.com.ar\/web\/wp-json\/wp\/v2\/posts"}],"about":[{"href":"https:\/\/elterritorialweb.com.ar\/web\/wp-json\/wp\/v2\/types\/post"}],"author":[{"embeddable":true,"href":"https:\/\/elterritorialweb.com.ar\/web\/wp-json\/wp\/v2\/users\/2"}],"replies":[{"embeddable":true,"href":"https:\/\/elterritorialweb.com.ar\/web\/wp-json\/wp\/v2\/comments?post=54347"}],"version-history":[{"count":2,"href":"https:\/\/elterritorialweb.com.ar\/web\/wp-json\/wp\/v2\/posts\/54347\/revisions"}],"predecessor-version":[{"id":54355,"href":"https:\/\/elterritorialweb.com.ar\/web\/wp-json\/wp\/v2\/posts\/54347\/revisions\/54355"}],"wp:featuredmedia":[{"embeddable":true,"href":"https:\/\/elterritorialweb.com.ar\/web\/wp-json\/wp\/v2\/media\/54352"}],"wp:attachment":[{"href":"https:\/\/elterritorialweb.com.ar\/web\/wp-json\/wp\/v2\/media?parent=54347"}],"wp:term":[{"taxonomy":"category","embeddable":true,"href":"https:\/\/elterritorialweb.com.ar\/web\/wp-json\/wp\/v2\/categories?post=54347"},{"taxonomy":"post_tag","embeddable":true,"href":"https:\/\/elterritorialweb.com.ar\/web\/wp-json\/wp\/v2\/tags?post=54347"}],"curies":[{"name":"wp","href":"https:\/\/api.w.org\/{rel}","templated":true}]}}