{"id":54363,"date":"2023-06-19T22:53:58","date_gmt":"2023-06-19T22:53:58","guid":{"rendered":"http:\/\/elterritorialweb.com.ar\/web\/?p=54363"},"modified":"2023-06-19T22:55:57","modified_gmt":"2023-06-19T22:55:57","slug":"la-recoleccion-cumplira-con-su-cronograma-habitual-en-el-fin-de-semana-extra-largo","status":"publish","type":"post","link":"https:\/\/elterritorialweb.com.ar\/web\/la-recoleccion-cumplira-con-su-cronograma-habitual-en-el-fin-de-semana-extra-largo\/","title":{"rendered":"LA RECOLECCI\u00d3N TRABAJAR\u00c1 DE MANERA NORMAL EN EL FIN DE SEMANA EXTRA LARGO"},"content":{"rendered":"\n<p>Por lo tanto, este lunes los trabajadores municipales de los centros operativos desarrollar\u00e1n su tarea en los horarios matutino, desde las 7 de la ma\u00f1ana, y por la tarde, desde las 16. De esta manera no se alterar\u00e1 el cronograma semanal para el retiro de los desechos domiciliarios que continuar\u00e1 el mi\u00e9rcoles y el viernes.<\/p>\n\n\n\n<p>Asimismo, se reiter\u00f3 a los vecinos que se deben sacar los residuos embolsados minutos antes del paso del cami\u00f3n recolector.<\/p>\n","protected":false},"excerpt":{"rendered":"<p>La Municipalidad de la Capital record\u00f3 que durante el fin de semana extra largo por el D\u00eda de la Bandera el servicio de recolecci\u00f3n de residuos se cumple de manera habitual en todos los barrios.<\/p>\n","protected":false},"author":2,"featured_media":54364,"comment_status":"open","ping_status":"open","sticky":false,"template":"","format":"standard","meta":{"om_disable_all_campaigns":false,"_monsterinsights_skip_tracking":false,"_monsterinsights_sitenote_active":false,"_monsterinsights_sitenote_note":"","_monsterinsights_sitenote_category":0,"_uf_show_specific_survey":0,"_uf_disable_surveys":false,"jetpack_post_was_ever_published":false,"_jetpack_newsletter_access":"","_jetpack_dont_email_post_to_subs":false,"_jetpack_newsletter_tier_id":0,"_jetpack_memberships_contains_paywalled_content":false,"_jetpack_memberships_contains_paid_content":false,"footnotes":"","jetpack_publicize_message":"","jetpack_publicize_feature_enabled":true,"jetpack_social_post_already_shared":true,"jetpack_social_options":{"image_generator_settings":{"template":"highway","default_image_id":0,"font":"","enabled":false},"version":2}},"categories":[21],"tags":[73,80],"class_list":["post-54363","post","type-post","status-publish","format-standard","has-post-thumbnail","hentry","category-locales","tag-municipalidad-de-la-capital","tag-recoleccion-deresiduos"],"aioseo_notices":[],"views":15,"jetpack_publicize_connections":[],"jetpack_featured_media_url":"https:\/\/i0.wp.com\/elterritorialweb.com.ar\/web\/wp-content\/uploads\/2023\/06\/recolecciones-1.jpeg?fit=1280%2C731&ssl=1","jetpack_sharing_enabled":true,"_links":{"self":[{"href":"https:\/\/elterritorialweb.com.ar\/web\/wp-json\/wp\/v2\/posts\/54363","targetHints":{"allow":["GET"]}}],"collection":[{"href":"https:\/\/elterritorialweb.com.ar\/web\/wp-json\/wp\/v2\/posts"}],"about":[{"href":"https:\/\/elterritorialweb.com.ar\/web\/wp-json\/wp\/v2\/types\/post"}],"author":[{"embeddable":true,"href":"https:\/\/elterritorialweb.com.ar\/web\/wp-json\/wp\/v2\/users\/2"}],"replies":[{"embeddable":true,"href":"https:\/\/elterritorialweb.com.ar\/web\/wp-json\/wp\/v2\/comments?post=54363"}],"version-history":[{"count":2,"href":"https:\/\/elterritorialweb.com.ar\/web\/wp-json\/wp\/v2\/posts\/54363\/revisions"}],"predecessor-version":[{"id":54366,"href":"https:\/\/elterritorialweb.com.ar\/web\/wp-json\/wp\/v2\/posts\/54363\/revisions\/54366"}],"wp:featuredmedia":[{"embeddable":true,"href":"https:\/\/elterritorialweb.com.ar\/web\/wp-json\/wp\/v2\/media\/54364"}],"wp:attachment":[{"href":"https:\/\/elterritorialweb.com.ar\/web\/wp-json\/wp\/v2\/media?parent=54363"}],"wp:term":[{"taxonomy":"category","embeddable":true,"href":"https:\/\/elterritorialweb.com.ar\/web\/wp-json\/wp\/v2\/categories?post=54363"},{"taxonomy":"post_tag","embeddable":true,"href":"https:\/\/elterritorialweb.com.ar\/web\/wp-json\/wp\/v2\/tags?post=54363"}],"curies":[{"name":"wp","href":"https:\/\/api.w.org\/{rel}","templated":true}]}}