{"id":54367,"date":"2023-06-19T23:00:20","date_gmt":"2023-06-19T23:00:20","guid":{"rendered":"http:\/\/elterritorialweb.com.ar\/web\/?p=54367"},"modified":"2023-06-19T23:00:27","modified_gmt":"2023-06-19T23:00:27","slug":"ricardo-sosa-encabezara-delegacion-argentina-en-feria-de-congresos-en-panama","status":"publish","type":"post","link":"https:\/\/elterritorialweb.com.ar\/web\/ricardo-sosa-encabezara-delegacion-argentina-en-feria-de-congresos-en-panama\/","title":{"rendered":"RICARDO SOSA ENCABEZAR\u00c1 DELEGACI\u00d3N ARGENTINA EN FERIA DE CONGRESOS EN PANAM\u00c1"},"content":{"rendered":"\n<p>La Feria FiExpo es una de los principales eventos especializados en turismo de reuniones de Latinoamerica y en esta ocasi\u00f3n Sosa estar\u00e1 acompa\u00f1ado por 20 coexpositores argentinos entre empresas organizadoras de eventos, bureaus de convenciones y destinos provinciales y municipales. Argentina tendr\u00e1 un stand de 120 metros cuadrados y en la feria se realizar\u00e1n presentaciones, capacitaciones, anuncios y reuniones con los principales Hosted Buyers internacionales del segmento MICE (profesionales de diferentes pa\u00edses que organizan eventos y buscan destinos para realizarlos).<\/p>\n\n\n\n<p>En ese sentido, Sosa explic\u00f3 que \u201cla delegaci\u00f3n argentina tiene como objetivo comercializar la oferta tur\u00edstica de nuestro pa\u00eds, diversificar y posicionar nuestros destinos, por eso nos acompa\u00f1ar\u00e1n las empresas Alvarez Arg\u00fcelles Hoteles, La Rural, Turismo Cuenca del Plata, Mic DMC, Goat DMC, Estuario del Plata, Centro de Convenciones Buenos Aires, Grand Hotels Lux, One Event y Booking Congress, adem\u00e1s de los destinos Provincia de Chubut, Ente de Bariloche, Provincia de Salta, Ciudad de Buenos Aires, Agencia C\u00f3rdoba Turismo, Ciudad de C\u00f3rdoba, Mendoza Bureau, Iguaz\u00fa Convention Bureau y desde el Inprotur con nuestra marca Visit Argentina\u201d.<\/p>\n\n\n\n<p>Adem\u00e1s de la feria, Sosa estar\u00e1 participando en representaci\u00f3n de Argentina del 10\u00b0 Foro Pol\u00edtico Latinoamericano sobre Turismo de Reuniones el 20 de junio, donde habr\u00e1 reconocidos conferencistas internacionales que abarcar\u00e1n diferentes tem\u00e1ticas de inter\u00e9s y sobre las cuales se realizar\u00e1n debates entre los funcionarios. En el primer d\u00eda, junto al Embajador argentino en Panam\u00e1, Marcelo Lucco, tambi\u00e9n participar\u00e1 de una recepci\u00f3n a los asistentes y durante la feria, Visit Argentina tiene agendadas m\u00e1s de 25 reuniones de trabajo.<br><br>Sosa explic\u00f3 que \u201cparticipar de FiExpo es parte de la estrategia internacional de posicionamiento y consolidaci\u00f3n que llevamos adelante en diferentes partes del mundo, que se complementa con la asistencia a otros eventos como lo hicimos el mes pasado en IMEX en Frankfurt (Alemania), en EBS en San Pablo Brasil, IBTM en M\u00e9xico o la versi\u00f3n americana de IMEX en Las Vegas (Estados Unidos), estas acciones, m\u00e1s las misiones comerciales, la continuidad del Plan de Marketing Internacional de Turismo de Reuniones y el Observatorio Econ\u00f3mico de Turismo de Reuniones, que lleva m\u00e1s de 10 a\u00f1os, son algunos de los elementos que componen nuestro plan de trabajo para captar eventos internacionales para Argentina\u201d.<\/p>\n","protected":false},"excerpt":{"rendered":"<p>El Secretario Ejecutivo del Instituto Nacional de Promoci\u00f3n Tur\u00edstica (Inprotur), Ricardo Sosa, estar\u00e1 al frente de la delegaci\u00f3n argentina que participar\u00e1 esta semana de la Feria de Congresos FIEXPO que se desarrollar\u00e1 del 20 al 22 de junio en el Panam\u00e1 Convention Center de la ciudad de Panam\u00e1, como parte de las acciones de promoci\u00f3n y posicionamiento tur\u00edstico internacional que lleva adelante en el plan de gesti\u00f3n 2023.<\/p>\n","protected":false},"author":2,"featured_media":54368,"comment_status":"open","ping_status":"open","sticky":false,"template":"","format":"standard","meta":{"om_disable_all_campaigns":false,"_monsterinsights_skip_tracking":false,"_monsterinsights_sitenote_active":false,"_monsterinsights_sitenote_note":"","_monsterinsights_sitenote_category":0,"_uf_show_specific_survey":0,"_uf_disable_surveys":false,"jetpack_post_was_ever_published":false,"_jetpack_newsletter_access":"","_jetpack_dont_email_post_to_subs":false,"_jetpack_newsletter_tier_id":0,"_jetpack_memberships_contains_paywalled_content":false,"_jetpack_memberships_contains_paid_content":false,"footnotes":"","jetpack_publicize_message":"","jetpack_publicize_feature_enabled":true,"jetpack_social_post_already_shared":true,"jetpack_social_options":{"image_generator_settings":{"template":"highway","default_image_id":0,"font":"","enabled":false},"version":2}},"categories":[4,29],"tags":[57,58],"class_list":["post-54367","post","type-post","status-publish","format-standard","has-post-thumbnail","hentry","category-destacadas","category-turismo","tag-inprotur","tag-ricardo-sosa"],"aioseo_notices":[],"views":12,"jetpack_publicize_connections":[],"jetpack_featured_media_url":"https:\/\/i0.wp.com\/elterritorialweb.com.ar\/web\/wp-content\/uploads\/2023\/06\/unnamed.jpg?fit=855%2C565&ssl=1","jetpack_sharing_enabled":true,"_links":{"self":[{"href":"https:\/\/elterritorialweb.com.ar\/web\/wp-json\/wp\/v2\/posts\/54367","targetHints":{"allow":["GET"]}}],"collection":[{"href":"https:\/\/elterritorialweb.com.ar\/web\/wp-json\/wp\/v2\/posts"}],"about":[{"href":"https:\/\/elterritorialweb.com.ar\/web\/wp-json\/wp\/v2\/types\/post"}],"author":[{"embeddable":true,"href":"https:\/\/elterritorialweb.com.ar\/web\/wp-json\/wp\/v2\/users\/2"}],"replies":[{"embeddable":true,"href":"https:\/\/elterritorialweb.com.ar\/web\/wp-json\/wp\/v2\/comments?post=54367"}],"version-history":[{"count":1,"href":"https:\/\/elterritorialweb.com.ar\/web\/wp-json\/wp\/v2\/posts\/54367\/revisions"}],"predecessor-version":[{"id":54369,"href":"https:\/\/elterritorialweb.com.ar\/web\/wp-json\/wp\/v2\/posts\/54367\/revisions\/54369"}],"wp:featuredmedia":[{"embeddable":true,"href":"https:\/\/elterritorialweb.com.ar\/web\/wp-json\/wp\/v2\/media\/54368"}],"wp:attachment":[{"href":"https:\/\/elterritorialweb.com.ar\/web\/wp-json\/wp\/v2\/media?parent=54367"}],"wp:term":[{"taxonomy":"category","embeddable":true,"href":"https:\/\/elterritorialweb.com.ar\/web\/wp-json\/wp\/v2\/categories?post=54367"},{"taxonomy":"post_tag","embeddable":true,"href":"https:\/\/elterritorialweb.com.ar\/web\/wp-json\/wp\/v2\/tags?post=54367"}],"curies":[{"name":"wp","href":"https:\/\/api.w.org\/{rel}","templated":true}]}}