{"id":54377,"date":"2023-06-20T00:09:36","date_gmt":"2023-06-20T00:09:36","guid":{"rendered":"http:\/\/elterritorialweb.com.ar\/web\/?p=54377"},"modified":"2023-06-20T00:15:12","modified_gmt":"2023-06-20T00:15:12","slug":"sentido-dolor-por-la-muerte-de-dona-adela-saavedra","status":"publish","type":"post","link":"https:\/\/elterritorialweb.com.ar\/web\/sentido-dolor-por-la-muerte-de-dona-adela-saavedra\/","title":{"rendered":"SENTIDO DOLOR POR LA MUERTE DE DO\u00d1A ADELA SAAVEDRA"},"content":{"rendered":"\n<p>La comunidad art\u00edstica de Santiago del Estero despide con dolor a do\u00f1a<strong>\u00a0Adela Saavedra, la viuda del bailar\u00edn santiague\u00f1o Carlos Saavedra,<\/strong>\u00a0quien<strong>\u00a0<\/strong>dej\u00f3 de existir en la tarde de este lunes, tras batallar contra una larga enfermedad.\u00a0<strong>Sus restos ser\u00e1n velados en la Casa del Bicentenario<\/strong>, en Olaechea y Catamarca,\u00a0<strong>a partir de las 21:30<\/strong>.<\/p>\n\n\n\n<p>Adela Vignau de Saavedra estuvo internada en un sanatorio de Santiago. La extraordinaria bailarina hab\u00eda cumplido 80 a\u00f1os el pasado domingo 11 de junio.<\/p>\n\n\n\n<p>En esa oportunidad, m\u00fasicos y bailarines santiague\u00f1os se reunieron en el Patio del \u00abIndio\u00bb Froil\u00e1n Gonz\u00e1lez para agasajarla y cantarle el feliz cumplea\u00f1os con ritmo de chacarera.&nbsp;Visiblemente emocionada, la viuda de Carlos Saavedra supo agradecer ese gesto y remarcar su amor por la danza al resaltar que ella no conceb\u00eda su vida sin el baile.<\/p>\n\n\n\n<p>Toda una vida dedicada a bailar. \u00abLa danza es mi vida\u00bb, sol\u00eda sostener do\u00f1a Adela.Una mujer que con su talento y donaire conquist\u00f3 al pa\u00eds y a gran parte del mundo por donde anduvo bailando junto a Carlos Saavedra. Hasta hace menos de un mes lo sigui\u00f3 haciendo, acompa\u00f1ada por Miguel Serrano, su partenaire, tanto bailando, con esa elegancia que la caracterizaba, como tambi\u00e9n ense\u00f1ando a bailar a partir de la sabidur\u00eda vivencial que ha adquirido a lo largo de m\u00e1s de sesenta a\u00f1os.<\/p>\n\n\n\n<p>Gualeguaych\u00fa (Entre R\u00edos) es la tierra donde naci\u00f3, Buenos Aires donde consolid\u00f3 su carrera y Santiago del Estero su destino de amor y de vida junto al gran bailar\u00edn Carlos Saavedra.Desde aquel momento en que empez\u00f3 en la escuela del santiague\u00f1o Mario Garc\u00eda hasta la fecha, do\u00f1a Adela no dej\u00f3 de bailar la zamba, la chacarera o un gato.<\/p>\n\n\n\n<p>Y fue en \u00abLa Querencia\u00bb donde conoci\u00f3 al amor de su vida, Carlos Saavedra, el hombre con el que recorri\u00f3 la provincia, el pa\u00eds y gran parte del mundo.Con Carlos Saavedra form\u00f3 parte de Los Indianos, ese legendario grupo de baile del cual formaron parte Juan, \u00abKoki\u00bb y \u00abPajar\u00edn\u00bb Saavedra. Y fue con Los Indianos que bail\u00f3 en \u00c1frica, Asia y Europa. Fue con este conjunto que pase\u00f3 su fino estilo para danzar por Francia, Kuwait, Bahrein y Kerbala.<\/p>\n","protected":false},"excerpt":{"rendered":"<p>La bailarina se encontraba luchando contra una enfermedad en un sanatorio de la capital santiague\u00f1a.<\/p>\n","protected":false},"author":2,"featured_media":54378,"comment_status":"open","ping_status":"open","sticky":false,"template":"","format":"standard","meta":{"om_disable_all_campaigns":false,"_monsterinsights_skip_tracking":false,"_monsterinsights_sitenote_active":false,"_monsterinsights_sitenote_note":"","_monsterinsights_sitenote_category":0,"_uf_show_specific_survey":0,"_uf_disable_surveys":false,"jetpack_post_was_ever_published":false,"_jetpack_newsletter_access":"","_jetpack_dont_email_post_to_subs":false,"_jetpack_newsletter_tier_id":0,"_jetpack_memberships_contains_paywalled_content":false,"_jetpack_memberships_contains_paid_content":false,"footnotes":"","jetpack_publicize_message":"","jetpack_publicize_feature_enabled":true,"jetpack_social_post_already_shared":true,"jetpack_social_options":{"image_generator_settings":{"template":"highway","default_image_id":0,"font":"","enabled":false},"version":2}},"categories":[4,21],"tags":[298,299,300],"class_list":["post-54377","post","type-post","status-publish","format-standard","has-post-thumbnail","hentry","category-destacadas","category-locales","tag-adela-vignau-de-saavedra","tag-bailarina","tag-fallecimiento"],"aioseo_notices":[],"views":10,"jetpack_publicize_connections":[],"jetpack_featured_media_url":"https:\/\/i0.wp.com\/elterritorialweb.com.ar\/web\/wp-content\/uploads\/2023\/06\/adela-saavedra-e1687219821248.jpg?fit=400%2C333&ssl=1","jetpack_sharing_enabled":true,"_links":{"self":[{"href":"https:\/\/elterritorialweb.com.ar\/web\/wp-json\/wp\/v2\/posts\/54377","targetHints":{"allow":["GET"]}}],"collection":[{"href":"https:\/\/elterritorialweb.com.ar\/web\/wp-json\/wp\/v2\/posts"}],"about":[{"href":"https:\/\/elterritorialweb.com.ar\/web\/wp-json\/wp\/v2\/types\/post"}],"author":[{"embeddable":true,"href":"https:\/\/elterritorialweb.com.ar\/web\/wp-json\/wp\/v2\/users\/2"}],"replies":[{"embeddable":true,"href":"https:\/\/elterritorialweb.com.ar\/web\/wp-json\/wp\/v2\/comments?post=54377"}],"version-history":[{"count":1,"href":"https:\/\/elterritorialweb.com.ar\/web\/wp-json\/wp\/v2\/posts\/54377\/revisions"}],"predecessor-version":[{"id":54379,"href":"https:\/\/elterritorialweb.com.ar\/web\/wp-json\/wp\/v2\/posts\/54377\/revisions\/54379"}],"wp:featuredmedia":[{"embeddable":true,"href":"https:\/\/elterritorialweb.com.ar\/web\/wp-json\/wp\/v2\/media\/54378"}],"wp:attachment":[{"href":"https:\/\/elterritorialweb.com.ar\/web\/wp-json\/wp\/v2\/media?parent=54377"}],"wp:term":[{"taxonomy":"category","embeddable":true,"href":"https:\/\/elterritorialweb.com.ar\/web\/wp-json\/wp\/v2\/categories?post=54377"},{"taxonomy":"post_tag","embeddable":true,"href":"https:\/\/elterritorialweb.com.ar\/web\/wp-json\/wp\/v2\/tags?post=54377"}],"curies":[{"name":"wp","href":"https:\/\/api.w.org\/{rel}","templated":true}]}}