{"id":54380,"date":"2023-06-20T00:24:50","date_gmt":"2023-06-20T00:24:50","guid":{"rendered":"http:\/\/elterritorialweb.com.ar\/web\/?p=54380"},"modified":"2023-06-20T00:24:53","modified_gmt":"2023-06-20T00:24:53","slug":"congreso-sudamericano-de-yoga-en-el-paraninfo-de-la-unse","status":"publish","type":"post","link":"https:\/\/elterritorialweb.com.ar\/web\/congreso-sudamericano-de-yoga-en-el-paraninfo-de-la-unse\/","title":{"rendered":"CONGRESO SUDAMERICANO DE YOGA EN EL PARANINFO DE LA UNSE"},"content":{"rendered":"\n<p>El Congreso Sudamericano de Yoga se hace presente para brindar conocimientos, actualizaci\u00f3n y formalizaci\u00f3n de la profesi\u00f3n para maestros y centros.<\/p>\n\n\n\n<p>El encuentro buscara unificar centros y escuelas, y conformar convenios con Municipios, Universidades y Ministerios de Salud y Educaci\u00f3n de todas las provincias de Sudamerica.<\/p>\n\n\n\n<p>La presidenta de la Federaci\u00f3n Sudamericana, Miriam Bieladinovich, manifest\u00f3 sobre la la participaci\u00f3n, que no solo est\u00e1 abocada a instituciones y maestros de la milenaria pr\u00e1ctica, tambi\u00e9n al p\u00fablico en general que le interese la actividad puede participar.<\/p>\n\n\n\n<p>Por otra parte la representante tambi\u00e9n afirma que el congreso tiene como fin \u00abconocerse mejor en cada palabra, y conexi\u00f3n con la energ\u00eda que se vive. Qu\u00e9 la uni\u00f3n que imparte el yoga sea real, y que todos podamos vivir en la confianza y empoderamiento de una vida en libertad de sentimientos.<\/p>\n\n\n\n<p>Con una intensa grilla actividades, la jornada inicia a las 9 horas en las instalaciones de la UNSE en Avenida Belgrano 1922).<\/p>\n\n\n\n<figure class=\"wp-block-image size-full\"><a href=\"https:\/\/i0.wp.com\/elterritorialweb.com.ar\/web\/wp-content\/uploads\/2023\/06\/WhatsApp-Image-2023-06-19-at-19.07.42-1.jpeg\"><img data-recalc-dims=\"1\" decoding=\"async\" width=\"640\" height=\"359\" data-src=\"https:\/\/i0.wp.com\/elterritorialweb.com.ar\/web\/wp-content\/uploads\/2023\/06\/WhatsApp-Image-2023-06-19-at-19.07.42-1.jpeg?resize=640%2C359\" alt=\"\" class=\"wp-image-54381 lazyload\" data-srcset=\"https:\/\/i0.wp.com\/elterritorialweb.com.ar\/web\/wp-content\/uploads\/2023\/06\/WhatsApp-Image-2023-06-19-at-19.07.42-1.jpeg?w=992&amp;ssl=1 992w, https:\/\/i0.wp.com\/elterritorialweb.com.ar\/web\/wp-content\/uploads\/2023\/06\/WhatsApp-Image-2023-06-19-at-19.07.42-1.jpeg?resize=300%2C168&amp;ssl=1 300w, https:\/\/i0.wp.com\/elterritorialweb.com.ar\/web\/wp-content\/uploads\/2023\/06\/WhatsApp-Image-2023-06-19-at-19.07.42-1.jpeg?resize=768%2C431&amp;ssl=1 768w\" data-sizes=\"(max-width: 640px) 100vw, 640px\" src=\"data:image\/svg+xml;base64,PHN2ZyB3aWR0aD0iMSIgaGVpZ2h0PSIxIiB4bWxucz0iaHR0cDovL3d3dy53My5vcmcvMjAwMC9zdmciPjwvc3ZnPg==\" style=\"--smush-placeholder-width: 640px; --smush-placeholder-aspect-ratio: 640\/359;\" \/><\/a><\/figure>\n\n\n\n<h3 class=\"wp-block-heading\">GRILLA DE ACTIVIDADES<\/h3>\n\n\n\n<div class=\"wp-block-group has-global-padding is-layout-constrained wp-block-group-is-layout-constrained\">\n<p>-9 horas: acreditaci\u00f3n.<br>-10 horas: acto de inauguraci\u00f3n. -10:30: pranayama.<br>-11 horas: clase pr\u00e1ctica de yoga terapia.<\/p>\n\n\n\n<p>-12 horas: clase pr\u00e1ctica de Hata Yoga.<br>-13 horas: descanso y almuerzo. <\/p>\n\n\n\n<p>-14:30 horas: capacitaci\u00f3n para redes sociales.<br>-15:30 horas: terapias afines y complementarias con la doctora Flor Blaina.<br>-16:30 horas: yoga para adolescentes, ni\u00f1os y educaci\u00f3n. <\/p>\n\n\n\n<p>-17:30 horas: Yoga profesional.<br>-18 horas: canto de mantras.<br>-18:30 horas: relajaci\u00f3n.<br>-Final del congreso.<\/p>\n<\/div>\n\n\n\n<p>Por mayor informaci\u00f3n e inscripci\u00f3n, comunicarse al mail: <a href=\"mailto:miriamgauri@gmail.com\">miriamgauri@gmail.com<\/a><\/p>\n","protected":false},"excerpt":{"rendered":"<p>Un gran encuentro sobre yoga se llevar\u00e1 a cabo en la Universidad Nacional el pr\u00f3ximo 24 de junio, desde las 9 de la ma\u00f1ana.<\/p>\n","protected":false},"author":2,"featured_media":54382,"comment_status":"open","ping_status":"open","sticky":false,"template":"","format":"standard","meta":{"om_disable_all_campaigns":false,"_monsterinsights_skip_tracking":false,"_monsterinsights_sitenote_active":false,"_monsterinsights_sitenote_note":"","_monsterinsights_sitenote_category":0,"_uf_show_specific_survey":0,"_uf_disable_surveys":false,"jetpack_post_was_ever_published":false,"_jetpack_newsletter_access":"","_jetpack_dont_email_post_to_subs":false,"_jetpack_newsletter_tier_id":0,"_jetpack_memberships_contains_paywalled_content":false,"_jetpack_memberships_contains_paid_content":false,"footnotes":"","jetpack_publicize_message":"","jetpack_publicize_feature_enabled":true,"jetpack_social_post_already_shared":true,"jetpack_social_options":{"image_generator_settings":{"template":"highway","default_image_id":0,"font":"","enabled":false},"version":2}},"categories":[21],"tags":[302,128],"class_list":["post-54380","post","type-post","status-publish","format-standard","has-post-thumbnail","hentry","category-locales","tag-congreso-sudamericano-de-yoga","tag-paraninfo-unse"],"aioseo_notices":[],"views":64,"jetpack_publicize_connections":[],"jetpack_featured_media_url":"https:\/\/i0.wp.com\/elterritorialweb.com.ar\/web\/wp-content\/uploads\/2023\/06\/WhatsApp-Image-2023-06-19-at-19.07.42-e1687220646681.jpeg?fit=624%2C338&ssl=1","jetpack_sharing_enabled":true,"_links":{"self":[{"href":"https:\/\/elterritorialweb.com.ar\/web\/wp-json\/wp\/v2\/posts\/54380","targetHints":{"allow":["GET"]}}],"collection":[{"href":"https:\/\/elterritorialweb.com.ar\/web\/wp-json\/wp\/v2\/posts"}],"about":[{"href":"https:\/\/elterritorialweb.com.ar\/web\/wp-json\/wp\/v2\/types\/post"}],"author":[{"embeddable":true,"href":"https:\/\/elterritorialweb.com.ar\/web\/wp-json\/wp\/v2\/users\/2"}],"replies":[{"embeddable":true,"href":"https:\/\/elterritorialweb.com.ar\/web\/wp-json\/wp\/v2\/comments?post=54380"}],"version-history":[{"count":1,"href":"https:\/\/elterritorialweb.com.ar\/web\/wp-json\/wp\/v2\/posts\/54380\/revisions"}],"predecessor-version":[{"id":54383,"href":"https:\/\/elterritorialweb.com.ar\/web\/wp-json\/wp\/v2\/posts\/54380\/revisions\/54383"}],"wp:featuredmedia":[{"embeddable":true,"href":"https:\/\/elterritorialweb.com.ar\/web\/wp-json\/wp\/v2\/media\/54382"}],"wp:attachment":[{"href":"https:\/\/elterritorialweb.com.ar\/web\/wp-json\/wp\/v2\/media?parent=54380"}],"wp:term":[{"taxonomy":"category","embeddable":true,"href":"https:\/\/elterritorialweb.com.ar\/web\/wp-json\/wp\/v2\/categories?post=54380"},{"taxonomy":"post_tag","embeddable":true,"href":"https:\/\/elterritorialweb.com.ar\/web\/wp-json\/wp\/v2\/tags?post=54380"}],"curies":[{"name":"wp","href":"https:\/\/api.w.org\/{rel}","templated":true}]}}