{"id":54389,"date":"2023-06-20T02:35:12","date_gmt":"2023-06-20T02:35:12","guid":{"rendered":"http:\/\/elterritorialweb.com.ar\/web\/?p=54389"},"modified":"2023-06-20T02:35:15","modified_gmt":"2023-06-20T02:35:15","slug":"el-gobierno-nacional-ofrece-5-millones-de-recompensa-por-datos-sobre-cecilia-strzyzowski","status":"publish","type":"post","link":"https:\/\/elterritorialweb.com.ar\/web\/el-gobierno-nacional-ofrece-5-millones-de-recompensa-por-datos-sobre-cecilia-strzyzowski\/","title":{"rendered":"EL GOBIERNO NACIONAL OFRECE $ 5 MILLONES DE RECOMPENSA POR DATOS SOBRE CECILIA STRZYZOWSKI"},"content":{"rendered":"\n<p>El gobierno nacional ofrece una recompensa de<strong>\u00a05 millones<\/strong>\u00a0de pesos para quienes aporten datos sobre\u00a0Cecilia Strzyzowski, la joven de 28 a\u00f1os desaparecida desde el 1 de junio en la ciudad chaque\u00f1a de Resistencia.<\/p>\n\n\n\n<p>\u00abLa creencia es que hay\u00a0<strong>m\u00e1s gente implicada<\/strong>\u00a0en la suerte de Cecilia que todav\u00eda no est\u00e1 detenida o de gente que puede saber lo que pas\u00f3. A eso est\u00e1 apuntando el gobierno nacional en este momento para que aporten datos\u00bb, cont\u00f3 el periodista\u00a0<strong>Pablo Duggan en Duro de Domar.<\/strong><\/p>\n\n\n\n<p>Mientras tanto, el\u00a0<strong>Equipo Fiscal Especia<\/strong>l (EFE) conformado para el caso por<strong>\u00a0Jorge C\u00e1ceres Olivera, Jorge G\u00f3mez y Nelia Vel\u00e1zquez<\/strong>\u00a0aguarda para las pr\u00f3ximas horas el resultado de una serie de peritajes que permitir\u00e1n continuar con la b\u00fasqueda de los restos de la v\u00edctima.<\/p>\n\n\n\n<h3 class=\"wp-block-heading\">Las novedades del caso<\/h3>\n\n\n\n<p>C\u00e9sar Sena, expareja y uno de los siete detenidos por el posible femicidio de Cecilia, design\u00f3 este lunes un nuevo abogado defensor y fue trasladado a otra comisar\u00eda de Resistencia.<\/p>\n\n\n\n<p>En tanto, unos 200 vecinos del barrio Santa In\u00e9s protestaban esta noche en la puerta de la seccional 6ta. en repudio a su presencia, en esa zona del sur de la capital chaque\u00f1a, aunque por el momento continuar\u00e1 en ese sitio.<\/p>\n\n\n\n<p>Por otra parte, m\u00e9dicos forenses peritar\u00e1n en las pr\u00f3ximas horas los\u00a0<strong>restos quemados de una valija y de ropa, adem\u00e1s de dos anillos<\/strong>, que fueron hallados en el barrio Emerenciano de la capital chaque\u00f1a, con el fin de establecer si pertenecen a la joven desaparecida.<\/p>\n\n\n\n<p>En tanto,\u00a0<strong>Gloria Romero<\/strong>, madre de la joven, dijo esta tarde al encabezar una multitudinaria marcha en la plaza 25 de Mayo de la capital de Chaco, que ella quiere \u00abjusticia\u00bb, pero \u00abno venganza\u00bb, y pidi\u00f3 terminar con la \u00abimpunidad\u00bb de aquellos que tienen un \u00abpoder desmedido\u00bb en referencia a los integrantes de la familia Sena presos por el caso.<\/p>\n\n\n\n<figure class=\"wp-block-image size-large\"><a href=\"https:\/\/i0.wp.com\/elterritorialweb.com.ar\/web\/wp-content\/uploads\/2023\/06\/recompensa.jpg\"><img data-recalc-dims=\"1\" decoding=\"async\" width=\"640\" height=\"853\" data-src=\"https:\/\/i0.wp.com\/elterritorialweb.com.ar\/web\/wp-content\/uploads\/2023\/06\/recompensa.jpg?resize=640%2C853\" alt=\"\" class=\"wp-image-54391 lazyload\" data-srcset=\"https:\/\/i0.wp.com\/elterritorialweb.com.ar\/web\/wp-content\/uploads\/2023\/06\/recompensa.jpg?resize=768%2C1024&amp;ssl=1 768w, https:\/\/i0.wp.com\/elterritorialweb.com.ar\/web\/wp-content\/uploads\/2023\/06\/recompensa.jpg?resize=225%2C300&amp;ssl=1 225w, https:\/\/i0.wp.com\/elterritorialweb.com.ar\/web\/wp-content\/uploads\/2023\/06\/recompensa.jpg?w=900&amp;ssl=1 900w\" data-sizes=\"(max-width: 640px) 100vw, 640px\" src=\"data:image\/svg+xml;base64,PHN2ZyB3aWR0aD0iMSIgaGVpZ2h0PSIxIiB4bWxucz0iaHR0cDovL3d3dy53My5vcmcvMjAwMC9zdmciPjwvc3ZnPg==\" style=\"--smush-placeholder-width: 640px; --smush-placeholder-aspect-ratio: 640\/853;\" \/><\/a><\/figure>\n","protected":false},"excerpt":{"rendered":"<p>En las pr\u00f3ximas horas se conocer\u00e1n los resultados de los peritajes que permitir\u00e1n saber que pas\u00f3 con la joven de 28 a\u00f1os desaparecida desde el 1 de junio.<\/p>\n","protected":false},"author":2,"featured_media":54390,"comment_status":"open","ping_status":"open","sticky":false,"template":"","format":"standard","meta":{"om_disable_all_campaigns":false,"_monsterinsights_skip_tracking":false,"_monsterinsights_sitenote_active":false,"_monsterinsights_sitenote_note":"","_monsterinsights_sitenote_category":0,"_uf_show_specific_survey":0,"_uf_disable_surveys":false,"jetpack_post_was_ever_published":false,"_jetpack_newsletter_access":"","_jetpack_dont_email_post_to_subs":false,"_jetpack_newsletter_tier_id":0,"_jetpack_memberships_contains_paywalled_content":false,"_jetpack_memberships_contains_paid_content":false,"footnotes":"","jetpack_publicize_message":"","jetpack_publicize_feature_enabled":true,"jetpack_social_post_already_shared":true,"jetpack_social_options":{"image_generator_settings":{"template":"highway","default_image_id":0,"font":"","enabled":false},"version":2}},"categories":[4,7],"tags":[304,305],"class_list":["post-54389","post","type-post","status-publish","format-standard","has-post-thumbnail","hentry","category-destacadas","category-nacionales","tag-cecilia-strzyzowski","tag-chaco"],"aioseo_notices":[],"views":10,"jetpack_publicize_connections":[],"jetpack_featured_media_url":"https:\/\/i0.wp.com\/elterritorialweb.com.ar\/web\/wp-content\/uploads\/2023\/06\/image-4-e1687228346132.png?fit=1462%2C1362&ssl=1","jetpack_sharing_enabled":true,"_links":{"self":[{"href":"https:\/\/elterritorialweb.com.ar\/web\/wp-json\/wp\/v2\/posts\/54389","targetHints":{"allow":["GET"]}}],"collection":[{"href":"https:\/\/elterritorialweb.com.ar\/web\/wp-json\/wp\/v2\/posts"}],"about":[{"href":"https:\/\/elterritorialweb.com.ar\/web\/wp-json\/wp\/v2\/types\/post"}],"author":[{"embeddable":true,"href":"https:\/\/elterritorialweb.com.ar\/web\/wp-json\/wp\/v2\/users\/2"}],"replies":[{"embeddable":true,"href":"https:\/\/elterritorialweb.com.ar\/web\/wp-json\/wp\/v2\/comments?post=54389"}],"version-history":[{"count":1,"href":"https:\/\/elterritorialweb.com.ar\/web\/wp-json\/wp\/v2\/posts\/54389\/revisions"}],"predecessor-version":[{"id":54392,"href":"https:\/\/elterritorialweb.com.ar\/web\/wp-json\/wp\/v2\/posts\/54389\/revisions\/54392"}],"wp:featuredmedia":[{"embeddable":true,"href":"https:\/\/elterritorialweb.com.ar\/web\/wp-json\/wp\/v2\/media\/54390"}],"wp:attachment":[{"href":"https:\/\/elterritorialweb.com.ar\/web\/wp-json\/wp\/v2\/media?parent=54389"}],"wp:term":[{"taxonomy":"category","embeddable":true,"href":"https:\/\/elterritorialweb.com.ar\/web\/wp-json\/wp\/v2\/categories?post=54389"},{"taxonomy":"post_tag","embeddable":true,"href":"https:\/\/elterritorialweb.com.ar\/web\/wp-json\/wp\/v2\/tags?post=54389"}],"curies":[{"name":"wp","href":"https:\/\/api.w.org\/{rel}","templated":true}]}}