{"id":54393,"date":"2023-06-20T02:49:35","date_gmt":"2023-06-20T02:49:35","guid":{"rendered":"http:\/\/elterritorialweb.com.ar\/web\/?p=54393"},"modified":"2023-06-20T02:51:41","modified_gmt":"2023-06-20T02:51:41","slug":"portaban-un-arma-de-fuego-y-fueron-demorados-en-plena-costanera","status":"publish","type":"post","link":"https:\/\/elterritorialweb.com.ar\/web\/portaban-un-arma-de-fuego-y-fueron-demorados-en-plena-costanera\/","title":{"rendered":"PORTABAN UN ARMA DE FUEGO Y FUERON DETENIDOS EN PLENA COSTANERA"},"content":{"rendered":"\n<p>Personal policial perteneciente a<strong> Divisi\u00f3n Prevenci\u00f3n del Departamento de Seguridad Ciudadana N\u00ba 1 \u2013 Zona<\/strong> Norte demor\u00f3 a un grupo de personas por supuesta portaci\u00f3n ilegal de arma de fuego.<\/p>\n\n\n\n<p>Por medio del recorrido preventivo en inmediaciones de <strong>Avenida Diego Armando Maradona<\/strong>, los funcionarios detectaron a <strong>3 personas en actitud sospechosa<\/strong> que se trasladaban en un autom\u00f3vil marca Volskwagen modelo Polo.<\/p>\n\n\n\n<p>Al ser identificados como <strong>un hombre de 35 a\u00f1os del barrio Almirante Brown<\/strong> y <strong>dos j\u00f3venes de 20 y 17 a\u00f1os de la provincia de Santa Fe<\/strong>, los cuales se tornaron agresivos durante la entrevista del personal policial, y que al exhibir sus pertenencias pose\u00edan un arma blanca, un arma de fuego.<\/p>\n\n\n\n<p>Ante esto fueron trasladados hacia Comisar\u00eda Comunitaria N\u00ba 2, donde fueron alojados hasta ser puestos a disposici\u00f3n de la justicia. Mientras que los elementos quedaron en misma sede policial en calidad de secuestro preventivo.<\/p>\n","protected":false},"excerpt":{"rendered":"<p>Se trata de un hombre de 35 a\u00f1os del barrio Almirante Brown y de dos j\u00f3venes de 20 y 17 a\u00f1os de la provincia de Santa Fe.<\/p>\n","protected":false},"author":2,"featured_media":54394,"comment_status":"open","ping_status":"open","sticky":false,"template":"","format":"standard","meta":{"om_disable_all_campaigns":false,"_monsterinsights_skip_tracking":false,"_monsterinsights_sitenote_active":false,"_monsterinsights_sitenote_note":"","_monsterinsights_sitenote_category":0,"_uf_show_specific_survey":0,"_uf_disable_surveys":false,"jetpack_post_was_ever_published":false,"_jetpack_newsletter_access":"","_jetpack_dont_email_post_to_subs":false,"_jetpack_newsletter_tier_id":0,"_jetpack_memberships_contains_paywalled_content":false,"_jetpack_memberships_contains_paid_content":false,"footnotes":"","jetpack_publicize_message":"","jetpack_publicize_feature_enabled":true,"jetpack_social_post_already_shared":true,"jetpack_social_options":{"image_generator_settings":{"template":"highway","default_image_id":0,"font":"","enabled":false},"version":2}},"categories":[4,36],"tags":[],"class_list":["post-54393","post","type-post","status-publish","format-standard","has-post-thumbnail","hentry","category-destacadas","category-policiales"],"aioseo_notices":[],"views":18,"jetpack_publicize_connections":[],"jetpack_featured_media_url":"https:\/\/i0.wp.com\/elterritorialweb.com.ar\/web\/wp-content\/uploads\/2023\/06\/denenidos-en-la-costanera-e1687229365511.jpg?fit=527%2C567&ssl=1","jetpack_sharing_enabled":true,"_links":{"self":[{"href":"https:\/\/elterritorialweb.com.ar\/web\/wp-json\/wp\/v2\/posts\/54393","targetHints":{"allow":["GET"]}}],"collection":[{"href":"https:\/\/elterritorialweb.com.ar\/web\/wp-json\/wp\/v2\/posts"}],"about":[{"href":"https:\/\/elterritorialweb.com.ar\/web\/wp-json\/wp\/v2\/types\/post"}],"author":[{"embeddable":true,"href":"https:\/\/elterritorialweb.com.ar\/web\/wp-json\/wp\/v2\/users\/2"}],"replies":[{"embeddable":true,"href":"https:\/\/elterritorialweb.com.ar\/web\/wp-json\/wp\/v2\/comments?post=54393"}],"version-history":[{"count":3,"href":"https:\/\/elterritorialweb.com.ar\/web\/wp-json\/wp\/v2\/posts\/54393\/revisions"}],"predecessor-version":[{"id":54399,"href":"https:\/\/elterritorialweb.com.ar\/web\/wp-json\/wp\/v2\/posts\/54393\/revisions\/54399"}],"wp:featuredmedia":[{"embeddable":true,"href":"https:\/\/elterritorialweb.com.ar\/web\/wp-json\/wp\/v2\/media\/54394"}],"wp:attachment":[{"href":"https:\/\/elterritorialweb.com.ar\/web\/wp-json\/wp\/v2\/media?parent=54393"}],"wp:term":[{"taxonomy":"category","embeddable":true,"href":"https:\/\/elterritorialweb.com.ar\/web\/wp-json\/wp\/v2\/categories?post=54393"},{"taxonomy":"post_tag","embeddable":true,"href":"https:\/\/elterritorialweb.com.ar\/web\/wp-json\/wp\/v2\/tags?post=54393"}],"curies":[{"name":"wp","href":"https:\/\/api.w.org\/{rel}","templated":true}]}}