{"id":54410,"date":"2023-06-20T15:12:08","date_gmt":"2023-06-20T15:12:08","guid":{"rendered":"http:\/\/elterritorialweb.com.ar\/web\/?p=54410"},"modified":"2023-06-20T15:12:10","modified_gmt":"2023-06-20T15:12:10","slug":"tension-en-jujuy-manifestantes-se-oponen-a-la-reforma-de-la-constitucion-y-quieren-tomar-la-legislatura","status":"publish","type":"post","link":"https:\/\/elterritorialweb.com.ar\/web\/tension-en-jujuy-manifestantes-se-oponen-a-la-reforma-de-la-constitucion-y-quieren-tomar-la-legislatura\/","title":{"rendered":"TENSI\u00d3N EN JUJUY: MANIFESTANTES SE OPONEN A LA REFORMA DE LA CONSTITUCI\u00d3N Y QUIEREN TOMAR LA LEGISLATURA"},"content":{"rendered":"\n<p><strong>Producto de la reforma parcial de la Carta Magna que impuls\u00f3 el gobierno de Gerardo Morales<\/strong>, manifestantes salieron a repudiarlo y la Polic\u00eda se hizo presente para reprimir. Con gases y balas de goma atacaron para evitar que lleguen hacia la puerta de la legislatura provincial mientras que\u00a0<strong>Morales ya aprob\u00f3 la reforma.<\/strong><\/p>\n\n\n\n<p>Hay 22 cortes activos que repudian la iniciativa y la principal se lleva adelante en Puramarca.&nbsp;<strong>El gobernador se encuentra en la legislatura<\/strong>&nbsp;y se dio a conocer un video en el que confirman&nbsp;<strong>que la reforma ya fue aprobada.<\/strong><\/p>\n\n\n\n<p>Esto se debe a que el funcionario ratific\u00f3 el art\u00edculo 67 de la reforma parcial de la Constituci\u00f3n provincial que proh\u00edbe cortar rutas y calles, adem\u00e1s de la \u201cocupaci\u00f3n de edificios p\u00fablicos\u201d. Luego anunci\u00f3 que iban a \u201creconsiderar\u00e1n\u201d los otros art\u00edculos el 36 y el 50 que tiene que ver con los pueblos originarios luego de reconocer \u201cdudas\u201d en las comunidades ind\u00edgenas.<\/p>\n\n\n\n<figure class=\"wp-block-image size-full\"><a href=\"https:\/\/i0.wp.com\/elterritorialweb.com.ar\/web\/wp-content\/uploads\/2023\/06\/represion-en-jujuy-1.webp\"><img data-recalc-dims=\"1\" decoding=\"async\" width=\"640\" height=\"360\" data-src=\"https:\/\/i0.wp.com\/elterritorialweb.com.ar\/web\/wp-content\/uploads\/2023\/06\/represion-en-jujuy-1.webp?resize=640%2C360\" alt=\"\" class=\"wp-image-54412 lazyload\" src=\"data:image\/svg+xml;base64,PHN2ZyB3aWR0aD0iMSIgaGVpZ2h0PSIxIiB4bWxucz0iaHR0cDovL3d3dy53My5vcmcvMjAwMC9zdmciPjwvc3ZnPg==\" style=\"--smush-placeholder-width: 640px; --smush-placeholder-aspect-ratio: 640\/360;\" \/><\/a><\/figure>\n\n\n\n<p>\u201c<strong>Quer\u00edamos avanzar pac\u00edficamente y la Polic\u00eda le peg\u00f3 a los chicos.<\/strong>&nbsp;Quer\u00edamos ir a reclamar pac\u00edficamente, pero no se puede m\u00e1s. Hoy somos los m\u00e1s pobres los docentes.&nbsp;<strong>No nos alcanza la plata, es una l\u00e1stima esto<\/strong>\u201d, expres\u00f3 una docente en medio del enfrentamiento con los oficiales.<\/p>\n\n\n\n<p><strong>Los manifestantes lograron hacer retroceder a la Polic\u00eda que atacaba detr\u00e1s del escudo&nbsp;<\/strong>y entraron a la Legislatura por las ventanas. Desde ah\u00ed, intentaron prender fuego el lugar. A su vez, los oficiales tiran gases lacrim\u00f3genos para auyentar a los presentes,<strong>&nbsp;adem\u00e1s tiraron piedras con gomeras a las c\u00e1maras de TV, fotos y a periodistas para que no graben el momento.<\/strong><\/p>\n","protected":false},"excerpt":{"rendered":"<p>La polic\u00eda utiliza gases y balas de goma para evitar que las personas lleguen hasta la puerta de la legislatura provincial. Hay 22 cortes activos que repudian la iniciativa impulsada por el gobierno de Gerardo Morales.<\/p>\n","protected":false},"author":2,"featured_media":54411,"comment_status":"open","ping_status":"open","sticky":false,"template":"","format":"standard","meta":{"om_disable_all_campaigns":false,"_monsterinsights_skip_tracking":false,"_monsterinsights_sitenote_active":false,"_monsterinsights_sitenote_note":"","_monsterinsights_sitenote_category":0,"_uf_show_specific_survey":0,"_uf_disable_surveys":false,"jetpack_post_was_ever_published":false,"_jetpack_newsletter_access":"","_jetpack_dont_email_post_to_subs":false,"_jetpack_newsletter_tier_id":0,"_jetpack_memberships_contains_paywalled_content":false,"_jetpack_memberships_contains_paid_content":false,"footnotes":"","jetpack_publicize_message":"","jetpack_publicize_feature_enabled":true,"jetpack_social_post_already_shared":true,"jetpack_social_options":{"image_generator_settings":{"template":"highway","default_image_id":0,"font":"","enabled":false},"version":2}},"categories":[4,7],"tags":[308,310,309],"class_list":["post-54410","post","type-post","status-publish","format-standard","has-post-thumbnail","hentry","category-destacadas","category-nacionales","tag-jujuy","tag-manifestantes","tag-represion"],"aioseo_notices":[],"views":12,"jetpack_publicize_connections":[],"jetpack_featured_media_url":"https:\/\/i0.wp.com\/elterritorialweb.com.ar\/web\/wp-content\/uploads\/2023\/06\/REPRESION-EN-JUJUY.jpg?fit=1140%2C713&ssl=1","jetpack_sharing_enabled":true,"_links":{"self":[{"href":"https:\/\/elterritorialweb.com.ar\/web\/wp-json\/wp\/v2\/posts\/54410","targetHints":{"allow":["GET"]}}],"collection":[{"href":"https:\/\/elterritorialweb.com.ar\/web\/wp-json\/wp\/v2\/posts"}],"about":[{"href":"https:\/\/elterritorialweb.com.ar\/web\/wp-json\/wp\/v2\/types\/post"}],"author":[{"embeddable":true,"href":"https:\/\/elterritorialweb.com.ar\/web\/wp-json\/wp\/v2\/users\/2"}],"replies":[{"embeddable":true,"href":"https:\/\/elterritorialweb.com.ar\/web\/wp-json\/wp\/v2\/comments?post=54410"}],"version-history":[{"count":1,"href":"https:\/\/elterritorialweb.com.ar\/web\/wp-json\/wp\/v2\/posts\/54410\/revisions"}],"predecessor-version":[{"id":54413,"href":"https:\/\/elterritorialweb.com.ar\/web\/wp-json\/wp\/v2\/posts\/54410\/revisions\/54413"}],"wp:featuredmedia":[{"embeddable":true,"href":"https:\/\/elterritorialweb.com.ar\/web\/wp-json\/wp\/v2\/media\/54411"}],"wp:attachment":[{"href":"https:\/\/elterritorialweb.com.ar\/web\/wp-json\/wp\/v2\/media?parent=54410"}],"wp:term":[{"taxonomy":"category","embeddable":true,"href":"https:\/\/elterritorialweb.com.ar\/web\/wp-json\/wp\/v2\/categories?post=54410"},{"taxonomy":"post_tag","embeddable":true,"href":"https:\/\/elterritorialweb.com.ar\/web\/wp-json\/wp\/v2\/tags?post=54410"}],"curies":[{"name":"wp","href":"https:\/\/api.w.org\/{rel}","templated":true}]}}