{"id":54414,"date":"2023-06-20T17:35:25","date_gmt":"2023-06-20T17:35:25","guid":{"rendered":"http:\/\/elterritorialweb.com.ar\/web\/?p=54414"},"modified":"2023-06-20T17:38:14","modified_gmt":"2023-06-20T17:38:14","slug":"morales-responsabilizo-al-gobierno-nacional-por-la-violencia-en-jujuy","status":"publish","type":"post","link":"https:\/\/elterritorialweb.com.ar\/web\/morales-responsabilizo-al-gobierno-nacional-por-la-violencia-en-jujuy\/","title":{"rendered":"MORALES RESPONSABILIZ\u00d3 AL GOBIERNO NACIONAL POR LA VIOLENCIA EN JUJUY"},"content":{"rendered":"\n<p>El gobernador de Jujuy, Gerardo Morales responsabiliz\u00f3 al Gobierno Nacional por los episodios de violencia y represi\u00f3n, que se dio en el marco de la reforma de la Constituci\u00f3n de Jujuy, que ya fue aprobada y firmada.<\/p>\n\n\n\n<p><em>\u00abHago responsable al presidente @alferdez y a la vicepresidenta @CFKArgentina de la extrema violencia que se est\u00e1 viviendo en la provincia de Jujuy\u00bb<\/em>, comienza el tuit de quien dict\u00f3 la reforma de la carta magna.<\/p>\n\n\n\n<figure class=\"wp-block-embed is-type-rich is-provider-twitter wp-block-embed-twitter\"><div class=\"wp-block-embed__wrapper\">\n<blockquote class=\"twitter-tweet\" data-width=\"550\" data-dnt=\"true\"><p lang=\"es\" dir=\"ltr\">Hago responsable al presidente <a href=\"https:\/\/twitter.com\/alferdez?ref_src=twsrc%5Etfw\">@alferdez<\/a> y a la vicepresidenta <a href=\"https:\/\/twitter.com\/CFKArgentina?ref_src=twsrc%5Etfw\">@CFKArgentina<\/a> de la extrema violencia que se est\u00e1 viviendo en la provincia de Jujuy.<br><br>Los violentos no nos van a\u00a0torcer\u00a0el\u00a0brazo. A 40 a\u00f1os de democracia, repudio y llamo a todos los argentinos a repudiar lo que est\u00e1\u2026 <a href=\"https:\/\/t.co\/HTHGULaILA\">pic.twitter.com\/HTHGULaILA<\/a><\/p>&mdash; Gerardo Morales (@GerardoMorales) <a href=\"https:\/\/twitter.com\/GerardoMorales\/status\/1671179730157010945?ref_src=twsrc%5Etfw\">June 20, 2023<\/a><\/blockquote><script async src=\"https:\/\/platform.twitter.com\/widgets.js\" charset=\"utf-8\"><\/script>\n<\/div><figcaption class=\"wp-element-caption\">El posteo contin\u00faa diciendo: \u00ab<strong>Los violentos no nos van a torcer el brazo. A 40 a\u00f1os de democracia, repudio y llamo a todos los argentinos a repudiar lo que est\u00e1 haciendo el kirchnerismo y el Frente de Izquierda en Jujuy<\/strong>\u00ab.<br><br>Las declaraciones de Morales se dan en el contexto de<strong>\u00a0una nueva y multitudinaria marcha que congregaba hoy m\u00faltiples sectores de la sociedad en la capital juje\u00f1a<\/strong>\u00a0y que result\u00f3 reprimida cuando se dirig\u00eda a la Legislatura para protestar contra la reforma parcial de la Constituci\u00f3n provincial, mientras en su interior se trataba el nuevo texto para su aprobaci\u00f3n y jura.<br><br>El avance policial\u00a0<strong>se registr\u00f3 poco despu\u00e9s de las 11 a unos 200 metros del parlamento provincial<\/strong>, donde el gobernador Gerardo Morales encabezaba la sesi\u00f3n y se dispon\u00edan a jurar la reforma de la Carta Magna.<br><br>En principio, la jura estaba prevista para esta tarde a las 18.30 en las instalaciones del Teatro Mitre de la Cuidad de San Salvador de Jujuy,<strong>\u00a0pero se adelant\u00f3 a esta ma\u00f1ana, en medio de un clima de protestas en rutas y calles de todo el territorio provincial.<\/strong><br><br>Efectivos de infanter\u00eda de la polic\u00eda juje\u00f1a se enfrentaron con los manifestantes,<strong>\u00a0arrojando balas de goma y gases lacrim\u00f3genos en un clima de tensi\u00f3n en la capital juje\u00f1a.\u00a0<\/strong>Tambi\u00e9n\u00a0se reprimi\u00f3 a los medios que estaban en el lugar, a quienes atacaron con gomeras para impedir que muestren lo que estaba sucediendo.<br><br>En tanto, algunos manifestantes intentaron ingresar al edificio de la Legislatura y prendieron fuego algunas de sus instalaciones.<br><br>Mientras tanto, en el interior del edificio, los convencionales constituyentes votaron y juraron el nuevo texto.<\/figcaption><\/figure>\n","protected":false},"excerpt":{"rendered":"<p>El Gobernador asegur\u00f3 que Alberto Fern\u00e1ndez y Cristina Kirchner son responsables de lo sucedido. Pese a las crudas im\u00e1genes manifest\u00f3 que \u00ablos violentos\u00bb no le van a dar el brazo a torcer.<\/p>\n","protected":false},"author":2,"featured_media":54415,"comment_status":"open","ping_status":"open","sticky":false,"template":"","format":"standard","meta":{"om_disable_all_campaigns":false,"_monsterinsights_skip_tracking":false,"_monsterinsights_sitenote_active":false,"_monsterinsights_sitenote_note":"","_monsterinsights_sitenote_category":0,"_uf_show_specific_survey":0,"_uf_disable_surveys":false,"jetpack_post_was_ever_published":false,"_jetpack_newsletter_access":"","_jetpack_dont_email_post_to_subs":false,"_jetpack_newsletter_tier_id":0,"_jetpack_memberships_contains_paywalled_content":false,"_jetpack_memberships_contains_paid_content":false,"footnotes":"","jetpack_publicize_message":"","jetpack_publicize_feature_enabled":true,"jetpack_social_post_already_shared":true,"jetpack_social_options":{"image_generator_settings":{"template":"highway","default_image_id":0,"font":"","enabled":false},"version":2}},"categories":[4,7,18],"tags":[308,310,309],"class_list":["post-54414","post","type-post","status-publish","format-standard","has-post-thumbnail","hentry","category-destacadas","category-nacionales","category-politica","tag-jujuy","tag-manifestantes","tag-represion"],"aioseo_notices":[],"views":10,"jetpack_publicize_connections":[],"jetpack_featured_media_url":"https:\/\/i0.wp.com\/elterritorialweb.com.ar\/web\/wp-content\/uploads\/2023\/06\/GERARDO-MORALES-e1687282510997.jpg?fit=1449%2C1012&ssl=1","jetpack_sharing_enabled":true,"_links":{"self":[{"href":"https:\/\/elterritorialweb.com.ar\/web\/wp-json\/wp\/v2\/posts\/54414","targetHints":{"allow":["GET"]}}],"collection":[{"href":"https:\/\/elterritorialweb.com.ar\/web\/wp-json\/wp\/v2\/posts"}],"about":[{"href":"https:\/\/elterritorialweb.com.ar\/web\/wp-json\/wp\/v2\/types\/post"}],"author":[{"embeddable":true,"href":"https:\/\/elterritorialweb.com.ar\/web\/wp-json\/wp\/v2\/users\/2"}],"replies":[{"embeddable":true,"href":"https:\/\/elterritorialweb.com.ar\/web\/wp-json\/wp\/v2\/comments?post=54414"}],"version-history":[{"count":1,"href":"https:\/\/elterritorialweb.com.ar\/web\/wp-json\/wp\/v2\/posts\/54414\/revisions"}],"predecessor-version":[{"id":54416,"href":"https:\/\/elterritorialweb.com.ar\/web\/wp-json\/wp\/v2\/posts\/54414\/revisions\/54416"}],"wp:featuredmedia":[{"embeddable":true,"href":"https:\/\/elterritorialweb.com.ar\/web\/wp-json\/wp\/v2\/media\/54415"}],"wp:attachment":[{"href":"https:\/\/elterritorialweb.com.ar\/web\/wp-json\/wp\/v2\/media?parent=54414"}],"wp:term":[{"taxonomy":"category","embeddable":true,"href":"https:\/\/elterritorialweb.com.ar\/web\/wp-json\/wp\/v2\/categories?post=54414"},{"taxonomy":"post_tag","embeddable":true,"href":"https:\/\/elterritorialweb.com.ar\/web\/wp-json\/wp\/v2\/tags?post=54414"}],"curies":[{"name":"wp","href":"https:\/\/api.w.org\/{rel}","templated":true}]}}