{"id":54417,"date":"2023-06-20T17:59:26","date_gmt":"2023-06-20T17:59:26","guid":{"rendered":"http:\/\/elterritorialweb.com.ar\/web\/?p=54417"},"modified":"2023-06-20T18:05:23","modified_gmt":"2023-06-20T18:05:23","slug":"fernandez-respondio-a-morales-trata-de-imponer-una-reforma-que-no-respeta-la-constitucion-nacional","status":"publish","type":"post","link":"https:\/\/elterritorialweb.com.ar\/web\/fernandez-respondio-a-morales-trata-de-imponer-una-reforma-que-no-respeta-la-constitucion-nacional\/","title":{"rendered":"FERN\u00c1NDEZ RESPONDI\u00d3 A MORALES: \u00abTRATA DE IMPONER UNA REFORMA QUE NO RESPETA LA CONSTITUCI\u00d3N NACIONAL\u00bb"},"content":{"rendered":"\n<p>Alberto Fern\u00e1ndez le respondi\u00f3 a Gerardo Morales luego de que \u00e9ste lo responsabilizara\u00a0<strong>por la brutal represi\u00f3n que se dio en San Salvador de Jujuy\u00a0<\/strong>en oposici\u00f3n a la reforma constitucional que se aprob\u00f3 este martes.<\/p>\n\n\n\n<p><em>\u00abUsted es el \u00fanico responsable de haber llevado a nuestra querida provincia de Jujuy a esta situaci\u00f3n l\u00edmite tratando de imponer una reforma constitucional que no respeta la Constituci\u00f3n Nacional\u00bb<strong>,<\/strong><\/em> comenz\u00f3 su defensa el Presidente en su cuenta de Twitter.<\/p>\n\n\n\n<figure class=\"wp-block-embed is-type-rich is-provider-twitter wp-block-embed-twitter\"><div class=\"wp-block-embed__wrapper\">\n<blockquote class=\"twitter-tweet\" data-width=\"550\" data-dnt=\"true\"><p lang=\"es\" dir=\"ltr\">Usted es el \u00fanico responsable de haber llevado a nuestra querida provincia de Jujuy a esta situaci\u00f3n l\u00edmite tratando de imponer una reforma constitucional que no respeta la Constituci\u00f3n Nacional. <a href=\"https:\/\/t.co\/0W9eBEkUmH\">https:\/\/t.co\/0W9eBEkUmH<\/a><\/p>&mdash; Alberto Fern\u00e1ndez (@alferdez) <a href=\"https:\/\/twitter.com\/alferdez\/status\/1671191450392862721?ref_src=twsrc%5Etfw\">June 20, 2023<\/a><\/blockquote><script async src=\"https:\/\/platform.twitter.com\/widgets.js\" charset=\"utf-8\"><\/script>\n<\/div><\/figure>\n\n\n\n<p>En un hilo de Twitter, el mandatario agreg\u00f3 que esta modificaci\u00f3n es <em>\u00abuna reforma que desatiende acuerdos internacionales, no escucha a los pueblos originarios y niega el derecho a la protesta.\u00a0<strong>El Gobierno nacional respeta el federalismo y los resultados electorales locales, pero debe garantizar la convivencia y el respeto a los derechos humanos\u00bb<\/strong><\/em><strong>.<\/strong><\/p>\n\n\n\n<p><em>\u00abPor eso, exigimos al Gobierno de Jujuy el cese inmediato de la represi\u00f3n. Asimismo, tambi\u00e9n exigimos al Gobierno de Jujuy que convoque a todos los actores sociales juje\u00f1os a encontrar caminos de di\u00e1logo para superar la controversia que ha creado\u00bb<\/em>, indic\u00f3 Alberto Fern\u00e1ndez.<\/p>\n","protected":false},"excerpt":{"rendered":"<p>El Presidente asegur\u00f3 que el Gobernador es el \u00fanico responsable de haber llevado a Jujuy a a esta situaci\u00f3n l\u00edmite. Dijo que la nueva carta magna provincial no respeta la Constituci\u00f3n Nacional.<\/p>\n","protected":false},"author":2,"featured_media":52120,"comment_status":"open","ping_status":"open","sticky":false,"template":"","format":"standard","meta":{"om_disable_all_campaigns":false,"_monsterinsights_skip_tracking":false,"_monsterinsights_sitenote_active":false,"_monsterinsights_sitenote_note":"","_monsterinsights_sitenote_category":0,"_uf_show_specific_survey":0,"_uf_disable_surveys":false,"jetpack_post_was_ever_published":false,"_jetpack_newsletter_access":"","_jetpack_dont_email_post_to_subs":false,"_jetpack_newsletter_tier_id":0,"_jetpack_memberships_contains_paywalled_content":false,"_jetpack_memberships_contains_paid_content":false,"footnotes":"","jetpack_publicize_message":"","jetpack_publicize_feature_enabled":true,"jetpack_social_post_already_shared":true,"jetpack_social_options":{"image_generator_settings":{"template":"highway","default_image_id":0,"font":"","enabled":false},"version":2}},"categories":[7,18],"tags":[88,311,308,309],"class_list":["post-54417","post","type-post","status-publish","format-standard","has-post-thumbnail","hentry","category-nacionales","category-politica","tag-alberto-fernandez","tag-gerardo-morales","tag-jujuy","tag-represion"],"aioseo_notices":[],"views":10,"jetpack_publicize_connections":[],"jetpack_featured_media_url":"https:\/\/i0.wp.com\/elterritorialweb.com.ar\/web\/wp-content\/uploads\/2023\/04\/alberto-fernandez-3.jpg?fit=1600%2C1200&ssl=1","jetpack_sharing_enabled":true,"_links":{"self":[{"href":"https:\/\/elterritorialweb.com.ar\/web\/wp-json\/wp\/v2\/posts\/54417","targetHints":{"allow":["GET"]}}],"collection":[{"href":"https:\/\/elterritorialweb.com.ar\/web\/wp-json\/wp\/v2\/posts"}],"about":[{"href":"https:\/\/elterritorialweb.com.ar\/web\/wp-json\/wp\/v2\/types\/post"}],"author":[{"embeddable":true,"href":"https:\/\/elterritorialweb.com.ar\/web\/wp-json\/wp\/v2\/users\/2"}],"replies":[{"embeddable":true,"href":"https:\/\/elterritorialweb.com.ar\/web\/wp-json\/wp\/v2\/comments?post=54417"}],"version-history":[{"count":1,"href":"https:\/\/elterritorialweb.com.ar\/web\/wp-json\/wp\/v2\/posts\/54417\/revisions"}],"predecessor-version":[{"id":54418,"href":"https:\/\/elterritorialweb.com.ar\/web\/wp-json\/wp\/v2\/posts\/54417\/revisions\/54418"}],"wp:featuredmedia":[{"embeddable":true,"href":"https:\/\/elterritorialweb.com.ar\/web\/wp-json\/wp\/v2\/media\/52120"}],"wp:attachment":[{"href":"https:\/\/elterritorialweb.com.ar\/web\/wp-json\/wp\/v2\/media?parent=54417"}],"wp:term":[{"taxonomy":"category","embeddable":true,"href":"https:\/\/elterritorialweb.com.ar\/web\/wp-json\/wp\/v2\/categories?post=54417"},{"taxonomy":"post_tag","embeddable":true,"href":"https:\/\/elterritorialweb.com.ar\/web\/wp-json\/wp\/v2\/tags?post=54417"}],"curies":[{"name":"wp","href":"https:\/\/api.w.org\/{rel}","templated":true}]}}