{"id":54419,"date":"2023-06-20T18:14:40","date_gmt":"2023-06-20T18:14:40","guid":{"rendered":"http:\/\/elterritorialweb.com.ar\/web\/?p=54419"},"modified":"2023-06-20T18:14:43","modified_gmt":"2023-06-20T18:14:43","slug":"emotiva-ceremonia-de-juramento-a-la-bandera-nacional","status":"publish","type":"post","link":"https:\/\/elterritorialweb.com.ar\/web\/emotiva-ceremonia-de-juramento-a-la-bandera-nacional\/","title":{"rendered":"EMOTIVA CEREMONIA DE JURAMENTO A LA BANDERA NACIONAL"},"content":{"rendered":"\n<p>En representaci\u00f3n del gobernador Gerardo Zamora, la ceremonia fue presidida por el vicegobernador Carlos Silva Neder, junto con el jefe de Gabinete, El\u00edas Su\u00e1rez, los ministros de Salud, Natividad Nassif; de Obras P\u00fablicas, Aldo Hid, y de Desarrollo Social, \u00c1ngel Niccolai.<\/p>\n\n\n\n<figure class=\"wp-block-image size-large\"><a href=\"https:\/\/i0.wp.com\/elterritorialweb.com.ar\/web\/wp-content\/uploads\/2023\/06\/WhatsApp-Image-2023-06-20-at-15.07.53.jpeg\"><img data-recalc-dims=\"1\" decoding=\"async\" width=\"640\" height=\"396\" data-src=\"https:\/\/i0.wp.com\/elterritorialweb.com.ar\/web\/wp-content\/uploads\/2023\/06\/WhatsApp-Image-2023-06-20-at-15.07.53.jpeg?resize=640%2C396\" alt=\"\" class=\"wp-image-54422 lazyload\" data-srcset=\"https:\/\/i0.wp.com\/elterritorialweb.com.ar\/web\/wp-content\/uploads\/2023\/06\/WhatsApp-Image-2023-06-20-at-15.07.53.jpeg?resize=1024%2C634&amp;ssl=1 1024w, https:\/\/i0.wp.com\/elterritorialweb.com.ar\/web\/wp-content\/uploads\/2023\/06\/WhatsApp-Image-2023-06-20-at-15.07.53.jpeg?resize=300%2C186&amp;ssl=1 300w, https:\/\/i0.wp.com\/elterritorialweb.com.ar\/web\/wp-content\/uploads\/2023\/06\/WhatsApp-Image-2023-06-20-at-15.07.53.jpeg?resize=768%2C475&amp;ssl=1 768w, https:\/\/i0.wp.com\/elterritorialweb.com.ar\/web\/wp-content\/uploads\/2023\/06\/WhatsApp-Image-2023-06-20-at-15.07.53.jpeg?w=1280&amp;ssl=1 1280w\" data-sizes=\"(max-width: 640px) 100vw, 640px\" src=\"data:image\/svg+xml;base64,PHN2ZyB3aWR0aD0iMSIgaGVpZ2h0PSIxIiB4bWxucz0iaHR0cDovL3d3dy53My5vcmcvMjAwMC9zdmciPjwvc3ZnPg==\" style=\"--smush-placeholder-width: 640px; --smush-placeholder-aspect-ratio: 640\/396;\" \/><\/a><\/figure>\n\n\n\n<p>Asistieron tambi\u00e9n el vicepresidente primero del Superior Tribunal, Eduardo Jos\u00e9 Llugdar; la intendenta de la Capital, Norma Fuentes; el secretario de Seguridad de la provincia, Marcelo Pato; el jefe de la Polic\u00eda, Roger Coronel; el subjefe Daniel Loto, diputados provinciales, representantes de distintos sectores de la sociedad santiague\u00f1a.<\/p>\n\n\n\n<figure class=\"wp-block-image size-large\"><a href=\"https:\/\/i0.wp.com\/elterritorialweb.com.ar\/web\/wp-content\/uploads\/2023\/06\/WhatsApp-Image-2023-06-20-at-15.07.54.jpeg\"><img data-recalc-dims=\"1\" decoding=\"async\" width=\"640\" height=\"426\" data-src=\"https:\/\/i0.wp.com\/elterritorialweb.com.ar\/web\/wp-content\/uploads\/2023\/06\/WhatsApp-Image-2023-06-20-at-15.07.54.jpeg?resize=640%2C426\" alt=\"\" class=\"wp-image-54420 lazyload\" data-srcset=\"https:\/\/i0.wp.com\/elterritorialweb.com.ar\/web\/wp-content\/uploads\/2023\/06\/WhatsApp-Image-2023-06-20-at-15.07.54.jpeg?resize=1024%2C682&amp;ssl=1 1024w, https:\/\/i0.wp.com\/elterritorialweb.com.ar\/web\/wp-content\/uploads\/2023\/06\/WhatsApp-Image-2023-06-20-at-15.07.54.jpeg?resize=300%2C200&amp;ssl=1 300w, https:\/\/i0.wp.com\/elterritorialweb.com.ar\/web\/wp-content\/uploads\/2023\/06\/WhatsApp-Image-2023-06-20-at-15.07.54.jpeg?resize=768%2C512&amp;ssl=1 768w, https:\/\/i0.wp.com\/elterritorialweb.com.ar\/web\/wp-content\/uploads\/2023\/06\/WhatsApp-Image-2023-06-20-at-15.07.54.jpeg?resize=1536%2C1023&amp;ssl=1 1536w, https:\/\/i0.wp.com\/elterritorialweb.com.ar\/web\/wp-content\/uploads\/2023\/06\/WhatsApp-Image-2023-06-20-at-15.07.54.jpeg?w=1600&amp;ssl=1 1600w, https:\/\/i0.wp.com\/elterritorialweb.com.ar\/web\/wp-content\/uploads\/2023\/06\/WhatsApp-Image-2023-06-20-at-15.07.54.jpeg?w=1280 1280w\" data-sizes=\"(max-width: 640px) 100vw, 640px\" src=\"data:image\/svg+xml;base64,PHN2ZyB3aWR0aD0iMSIgaGVpZ2h0PSIxIiB4bWxucz0iaHR0cDovL3d3dy53My5vcmcvMjAwMC9zdmciPjwvc3ZnPg==\" style=\"--smush-placeholder-width: 640px; --smush-placeholder-aspect-ratio: 640\/426;\" \/><\/a><\/figure>\n\n\n\n<p>Luego de entonar el Himno Nacional y la invocaci\u00f3n religiosa a cargo del padre Luis Cruz, se hizo la jura a la Bandera Nacional por parte de los cadetes.<br>La directora de la Escuela de Cadetes, la subcomisaria Mar\u00eda Emilia Khairalla, resalt\u00f3: \u00abEsta bandera creci\u00f3 a nuestro lado, est\u00e1 presente con nosotros, en mochilas, cuadernos, gorras, etc., la pintamos desde ni\u00f1os, y en la actualidad, as\u00ed como la imagin\u00f3 nuestro creador, tan pura e intacta. Este 20 de junio recordamos y hacemos un homenaje a la figura de nuestro pr\u00f3cer quien luch\u00f3 por nosotros, por nuestro pa\u00eds y que hoy la bandera qued\u00f3 en un mejor lugar para las futuras generaciones\u00bb.<\/p>\n\n\n\n<figure class=\"wp-block-image size-large\"><a href=\"https:\/\/i0.wp.com\/elterritorialweb.com.ar\/web\/wp-content\/uploads\/2023\/06\/WhatsApp-Image-2023-06-20-at-15.07.53-1.jpeg\"><img data-recalc-dims=\"1\" decoding=\"async\" width=\"640\" height=\"426\" data-src=\"https:\/\/i0.wp.com\/elterritorialweb.com.ar\/web\/wp-content\/uploads\/2023\/06\/WhatsApp-Image-2023-06-20-at-15.07.53-1.jpeg?resize=640%2C426\" alt=\"\" class=\"wp-image-54421 lazyload\" data-srcset=\"https:\/\/i0.wp.com\/elterritorialweb.com.ar\/web\/wp-content\/uploads\/2023\/06\/WhatsApp-Image-2023-06-20-at-15.07.53-1.jpeg?resize=1024%2C682&amp;ssl=1 1024w, https:\/\/i0.wp.com\/elterritorialweb.com.ar\/web\/wp-content\/uploads\/2023\/06\/WhatsApp-Image-2023-06-20-at-15.07.53-1.jpeg?resize=300%2C200&amp;ssl=1 300w, https:\/\/i0.wp.com\/elterritorialweb.com.ar\/web\/wp-content\/uploads\/2023\/06\/WhatsApp-Image-2023-06-20-at-15.07.53-1.jpeg?resize=768%2C512&amp;ssl=1 768w, https:\/\/i0.wp.com\/elterritorialweb.com.ar\/web\/wp-content\/uploads\/2023\/06\/WhatsApp-Image-2023-06-20-at-15.07.53-1.jpeg?resize=1536%2C1023&amp;ssl=1 1536w, https:\/\/i0.wp.com\/elterritorialweb.com.ar\/web\/wp-content\/uploads\/2023\/06\/WhatsApp-Image-2023-06-20-at-15.07.53-1.jpeg?w=1600&amp;ssl=1 1600w, https:\/\/i0.wp.com\/elterritorialweb.com.ar\/web\/wp-content\/uploads\/2023\/06\/WhatsApp-Image-2023-06-20-at-15.07.53-1.jpeg?w=1280 1280w\" data-sizes=\"(max-width: 640px) 100vw, 640px\" src=\"data:image\/svg+xml;base64,PHN2ZyB3aWR0aD0iMSIgaGVpZ2h0PSIxIiB4bWxucz0iaHR0cDovL3d3dy53My5vcmcvMjAwMC9zdmciPjwvc3ZnPg==\" style=\"--smush-placeholder-width: 640px; --smush-placeholder-aspect-ratio: 640\/426;\" \/><\/a><\/figure>\n\n\n\n<p>Para finalizar, se efectu\u00f3 el tradicional desfile a cargo de todas las unidades policiales.<\/p>\n","protected":false},"excerpt":{"rendered":"<p>Con un gran marco de p\u00fablico se realiz\u00f3 este martes por la ma\u00f1ana el acto conmemorativo del D\u00eda de la Bandera Nacional y el tradicional el juramento de fidelidad a la ense\u00f1a patria por parte de 124 cadetes del tercer a\u00f1o de la Escuela de Polic\u00eda Coronel \u00abLorenzo Lugones\u00bb, sobre avenida Roca, en el centro capitalino.<\/p>\n","protected":false},"author":2,"featured_media":54423,"comment_status":"open","ping_status":"open","sticky":false,"template":"","format":"standard","meta":{"om_disable_all_campaigns":false,"_monsterinsights_skip_tracking":false,"_monsterinsights_sitenote_active":false,"_monsterinsights_sitenote_note":"","_monsterinsights_sitenote_category":0,"_uf_show_specific_survey":0,"_uf_disable_surveys":false,"jetpack_post_was_ever_published":false,"_jetpack_newsletter_access":"","_jetpack_dont_email_post_to_subs":false,"_jetpack_newsletter_tier_id":0,"_jetpack_memberships_contains_paywalled_content":false,"_jetpack_memberships_contains_paid_content":false,"footnotes":"","jetpack_publicize_message":"","jetpack_publicize_feature_enabled":true,"jetpack_social_post_already_shared":true,"jetpack_social_options":{"image_generator_settings":{"template":"highway","default_image_id":0,"font":"","enabled":false},"version":2}},"categories":[21],"tags":[306,49,312],"class_list":["post-54419","post","type-post","status-publish","format-standard","has-post-thumbnail","hentry","category-locales","tag-dia-de-la-bandera","tag-gobierno-de-santiago-del-estero","tag-juramento-a-la-bandera"],"aioseo_notices":[],"views":6,"jetpack_publicize_connections":[],"jetpack_featured_media_url":"https:\/\/i0.wp.com\/elterritorialweb.com.ar\/web\/wp-content\/uploads\/2023\/06\/WhatsApp-Image-2023-06-20-at-15.07.52.jpeg?fit=1600%2C1066&ssl=1","jetpack_sharing_enabled":true,"_links":{"self":[{"href":"https:\/\/elterritorialweb.com.ar\/web\/wp-json\/wp\/v2\/posts\/54419","targetHints":{"allow":["GET"]}}],"collection":[{"href":"https:\/\/elterritorialweb.com.ar\/web\/wp-json\/wp\/v2\/posts"}],"about":[{"href":"https:\/\/elterritorialweb.com.ar\/web\/wp-json\/wp\/v2\/types\/post"}],"author":[{"embeddable":true,"href":"https:\/\/elterritorialweb.com.ar\/web\/wp-json\/wp\/v2\/users\/2"}],"replies":[{"embeddable":true,"href":"https:\/\/elterritorialweb.com.ar\/web\/wp-json\/wp\/v2\/comments?post=54419"}],"version-history":[{"count":1,"href":"https:\/\/elterritorialweb.com.ar\/web\/wp-json\/wp\/v2\/posts\/54419\/revisions"}],"predecessor-version":[{"id":54424,"href":"https:\/\/elterritorialweb.com.ar\/web\/wp-json\/wp\/v2\/posts\/54419\/revisions\/54424"}],"wp:featuredmedia":[{"embeddable":true,"href":"https:\/\/elterritorialweb.com.ar\/web\/wp-json\/wp\/v2\/media\/54423"}],"wp:attachment":[{"href":"https:\/\/elterritorialweb.com.ar\/web\/wp-json\/wp\/v2\/media?parent=54419"}],"wp:term":[{"taxonomy":"category","embeddable":true,"href":"https:\/\/elterritorialweb.com.ar\/web\/wp-json\/wp\/v2\/categories?post=54419"},{"taxonomy":"post_tag","embeddable":true,"href":"https:\/\/elterritorialweb.com.ar\/web\/wp-json\/wp\/v2\/tags?post=54419"}],"curies":[{"name":"wp","href":"https:\/\/api.w.org\/{rel}","templated":true}]}}