{"id":54425,"date":"2023-06-21T18:21:14","date_gmt":"2023-06-21T18:21:14","guid":{"rendered":"http:\/\/elterritorialweb.com.ar\/web\/?p=54425"},"modified":"2023-06-21T18:21:17","modified_gmt":"2023-06-21T18:21:17","slug":"promesa-de-carino-a-la-bandera-por-alumnos-de-los-jardines-de-infantes-municipales","status":"publish","type":"post","link":"https:\/\/elterritorialweb.com.ar\/web\/promesa-de-carino-a-la-bandera-por-alumnos-de-los-jardines-de-infantes-municipales\/","title":{"rendered":"PROMESA DE CARI\u00d1O A LA BANDERA POR ALUMNOS DE LOS JARDINES DE INFANTES MUNICIPALES"},"content":{"rendered":"\n<p>Participar\u00e1n de la tradicional ceremonia, en el marco del D\u00eda de la Bandera, los alumnos de todas las salas de 5 a\u00f1os de los 26 jardines de infantes que dependen del municipio y la comunidad educativa de cada barrio en donde se localizan las instituciones.<\/p>\n\n\n\n<p>Durante el encuentro habr\u00e1 una exhibici\u00f3n a cargo del Club de Paracaidismo de Santiago del Estero y la presentaci\u00f3n de la Orquesta Sol Naciente y Coros Oye mi canto, Encantasue\u00f1os y A Cantar se ha Dicho del Programa Orquestas y Coros Santiago del Estero, dependiente del Ministerio de Educaci\u00f3n, Ciencia y Tecnolog\u00eda de la provincia, quienes interpretar\u00e1n el himno nacional argentino.<\/p>\n\n\n\n<p>Por su parte, la intendente, Ing. Norma Fuentes, ser\u00e1 la encargada de tomar la promesa de cari\u00f1o a los ni\u00f1os. Adem\u00e1s fueron invitados ex combatientes de Malvinas, Gendarmer\u00eda Nacional, Patricios Santiague\u00f1os, entre otros.<\/p>\n\n\n\n<p>Con la promesa de cari\u00f1o a la bandera, el objetivo pedag\u00f3gico es la incorporaci\u00f3n del sentido de identidad nacional desde la educaci\u00f3n inicial y de participaci\u00f3n en la comunidad, en especial en este a\u00f1o donde se conmemoran 40 a\u00f1os de democracia ininterrumpida.<\/p>\n","protected":false},"excerpt":{"rendered":"<p>M\u00e1s de 1000 alumnos de los jardines de infantes municipales realizar\u00e1n la promesa de cari\u00f1o a la Bandera de la Naci\u00f3n con un acto que se desarrollar\u00e1 este jueves 22, a partir de las 15, en las instalaciones del Club G\u00fcemes.<\/p>\n","protected":false},"author":2,"featured_media":54426,"comment_status":"open","ping_status":"open","sticky":false,"template":"","format":"standard","meta":{"om_disable_all_campaigns":false,"_monsterinsights_skip_tracking":false,"_monsterinsights_sitenote_active":false,"_monsterinsights_sitenote_note":"","_monsterinsights_sitenote_category":0,"_uf_show_specific_survey":0,"_uf_disable_surveys":false,"jetpack_post_was_ever_published":false,"_jetpack_newsletter_access":"","_jetpack_dont_email_post_to_subs":false,"_jetpack_newsletter_tier_id":0,"_jetpack_memberships_contains_paywalled_content":false,"_jetpack_memberships_contains_paid_content":false,"footnotes":"","jetpack_publicize_message":"","jetpack_publicize_feature_enabled":true,"jetpack_social_post_already_shared":true,"jetpack_social_options":{"image_generator_settings":{"template":"highway","default_image_id":0,"font":"","enabled":false},"version":2}},"categories":[19],"tags":[313,73],"class_list":["post-54425","post","type-post","status-publish","format-standard","has-post-thumbnail","hentry","category-educacion","tag-jardines-de-infantes-municipales","tag-municipalidad-de-la-capital"],"aioseo_notices":[],"views":9,"jetpack_publicize_connections":[],"jetpack_featured_media_url":"https:\/\/i0.wp.com\/elterritorialweb.com.ar\/web\/wp-content\/uploads\/2023\/06\/promesa.jpeg?fit=1280%2C723&ssl=1","jetpack_sharing_enabled":true,"_links":{"self":[{"href":"https:\/\/elterritorialweb.com.ar\/web\/wp-json\/wp\/v2\/posts\/54425","targetHints":{"allow":["GET"]}}],"collection":[{"href":"https:\/\/elterritorialweb.com.ar\/web\/wp-json\/wp\/v2\/posts"}],"about":[{"href":"https:\/\/elterritorialweb.com.ar\/web\/wp-json\/wp\/v2\/types\/post"}],"author":[{"embeddable":true,"href":"https:\/\/elterritorialweb.com.ar\/web\/wp-json\/wp\/v2\/users\/2"}],"replies":[{"embeddable":true,"href":"https:\/\/elterritorialweb.com.ar\/web\/wp-json\/wp\/v2\/comments?post=54425"}],"version-history":[{"count":1,"href":"https:\/\/elterritorialweb.com.ar\/web\/wp-json\/wp\/v2\/posts\/54425\/revisions"}],"predecessor-version":[{"id":54427,"href":"https:\/\/elterritorialweb.com.ar\/web\/wp-json\/wp\/v2\/posts\/54425\/revisions\/54427"}],"wp:featuredmedia":[{"embeddable":true,"href":"https:\/\/elterritorialweb.com.ar\/web\/wp-json\/wp\/v2\/media\/54426"}],"wp:attachment":[{"href":"https:\/\/elterritorialweb.com.ar\/web\/wp-json\/wp\/v2\/media?parent=54425"}],"wp:term":[{"taxonomy":"category","embeddable":true,"href":"https:\/\/elterritorialweb.com.ar\/web\/wp-json\/wp\/v2\/categories?post=54425"},{"taxonomy":"post_tag","embeddable":true,"href":"https:\/\/elterritorialweb.com.ar\/web\/wp-json\/wp\/v2\/tags?post=54425"}],"curies":[{"name":"wp","href":"https:\/\/api.w.org\/{rel}","templated":true}]}}