{"id":54471,"date":"2023-06-22T01:22:54","date_gmt":"2023-06-22T01:22:54","guid":{"rendered":"http:\/\/elterritorialweb.com.ar\/web\/?p=54471"},"modified":"2023-06-22T01:24:04","modified_gmt":"2023-06-22T01:24:04","slug":"la-uta-confirmo-un-paro-por-48-horas-y-afecta-santiago-del-estero","status":"publish","type":"post","link":"https:\/\/elterritorialweb.com.ar\/web\/la-uta-confirmo-un-paro-por-48-horas-y-afecta-santiago-del-estero\/","title":{"rendered":"LA UTA CONFIRM\u00d3 UN PARO POR 48 HORAS Y AFECTA SANTIAGO DEL ESTERO"},"content":{"rendered":"\n<p>Este jueves 22 y viernes 23 de junio, habr\u00e1 paro de colectivos a nivel nacional y la seccional de la&nbsp;<strong>UTA de Santiago del Estero se adhiere a la medida<\/strong>.<\/p>\n\n\n\n<p>As\u00ed lo confirmaron desde el gremio. En ese mismo sentido, sostuvieron que<strong>\u00a0el jueves a las 15 habr\u00e1 una reuni\u00f3n en el Ministerio de Trabajo para acercar a las partes<\/strong>. La medida es por la falta de acuerdo en las paritarias.<\/p>\n\n\n\n<p>El paro de 48 horas afectar\u00e1 a miles de usuarios de Santiago del Estero. Desde UTA nacional aseguraron que \u201cEl Estado Nacional quiere ayudar, pero el empresariado se niega porque asegura que no alcanza para hacer frente al aumento salarial solicitado\u00bb.<\/p>\n\n\n\n<p>Seg\u00fan inform\u00f3 la UTA a trav\u00e9s de un comunicado, la medida de fuerza se llevar\u00e1 a cabo los d\u00edas&nbsp;<strong>jueves y viernes de esta semana<\/strong>.<\/p>\n\n\n\n<p><strong>\u00abSolo se garantizar\u00e1 la regularidad de los servicios en aquellas jurisdicciones que reconozcan el aumento salarial, en las mismas condiciones que las resueltas para el personal de conducci\u00f3n del \u00c1rea Metropolitana de Buenos Aires\u00bb<\/strong>, aclar\u00f3 la UTA en el comunicado difundido este mi\u00e9rcoles.<\/p>\n\n\n\n<p>Al mismo tiempo, desde el gremio se\u00f1alaron que el jueves a las 15 acudir\u00e1n a a audiencia convocada por el Ministerio de Trabajo \u00aben la b\u00fasqueda de la soluci\u00f3n salarial que se niega a las trabajadoras y trabajadores representados\u00bb.<\/p>\n\n\n\n<p>\u00abExhortamos a los responsables del transporte, las empresas, las provincias y el estado nacional que se hagan cargo del perjuicio que la negativa a acordar salarios en el interior del pa\u00eds generar\u00e1 hacia los usuarios de nuestros servicios y a la paz social\u00bb, concluy\u00f3 la UTA en su comunicado.<\/p>\n","protected":false},"excerpt":{"rendered":"<p>La medida regir\u00e1 desde las 00 horas de este jueves 22 hasta el viernes 23 de junio.<\/p>\n","protected":false},"author":2,"featured_media":54113,"comment_status":"open","ping_status":"open","sticky":false,"template":"","format":"standard","meta":{"om_disable_all_campaigns":false,"_monsterinsights_skip_tracking":false,"_monsterinsights_sitenote_active":false,"_monsterinsights_sitenote_note":"","_monsterinsights_sitenote_category":0,"_uf_show_specific_survey":0,"_uf_disable_surveys":false,"jetpack_post_was_ever_published":false,"_jetpack_newsletter_access":"","_jetpack_dont_email_post_to_subs":false,"_jetpack_newsletter_tier_id":0,"_jetpack_memberships_contains_paywalled_content":false,"_jetpack_memberships_contains_paid_content":false,"footnotes":"","jetpack_publicize_message":"","jetpack_publicize_feature_enabled":true,"jetpack_social_post_already_shared":true,"jetpack_social_options":{"image_generator_settings":{"template":"highway","default_image_id":0,"font":"","enabled":false},"version":2}},"categories":[4,21],"tags":[245,244],"class_list":["post-54471","post","type-post","status-publish","format-standard","has-post-thumbnail","hentry","category-destacadas","category-locales","tag-paro-de-colectivos","tag-uta"],"aioseo_notices":[],"views":26,"jetpack_publicize_connections":[],"jetpack_featured_media_url":"https:\/\/i0.wp.com\/elterritorialweb.com.ar\/web\/wp-content\/uploads\/2023\/06\/paro-colectivos.jpg?fit=1100%2C618&ssl=1","jetpack_sharing_enabled":true,"_links":{"self":[{"href":"https:\/\/elterritorialweb.com.ar\/web\/wp-json\/wp\/v2\/posts\/54471","targetHints":{"allow":["GET"]}}],"collection":[{"href":"https:\/\/elterritorialweb.com.ar\/web\/wp-json\/wp\/v2\/posts"}],"about":[{"href":"https:\/\/elterritorialweb.com.ar\/web\/wp-json\/wp\/v2\/types\/post"}],"author":[{"embeddable":true,"href":"https:\/\/elterritorialweb.com.ar\/web\/wp-json\/wp\/v2\/users\/2"}],"replies":[{"embeddable":true,"href":"https:\/\/elterritorialweb.com.ar\/web\/wp-json\/wp\/v2\/comments?post=54471"}],"version-history":[{"count":2,"href":"https:\/\/elterritorialweb.com.ar\/web\/wp-json\/wp\/v2\/posts\/54471\/revisions"}],"predecessor-version":[{"id":54474,"href":"https:\/\/elterritorialweb.com.ar\/web\/wp-json\/wp\/v2\/posts\/54471\/revisions\/54474"}],"wp:featuredmedia":[{"embeddable":true,"href":"https:\/\/elterritorialweb.com.ar\/web\/wp-json\/wp\/v2\/media\/54113"}],"wp:attachment":[{"href":"https:\/\/elterritorialweb.com.ar\/web\/wp-json\/wp\/v2\/media?parent=54471"}],"wp:term":[{"taxonomy":"category","embeddable":true,"href":"https:\/\/elterritorialweb.com.ar\/web\/wp-json\/wp\/v2\/categories?post=54471"},{"taxonomy":"post_tag","embeddable":true,"href":"https:\/\/elterritorialweb.com.ar\/web\/wp-json\/wp\/v2\/tags?post=54471"}],"curies":[{"name":"wp","href":"https:\/\/api.w.org\/{rel}","templated":true}]}}