{"id":54475,"date":"2023-06-22T02:43:06","date_gmt":"2023-06-22T02:43:06","guid":{"rendered":"http:\/\/elterritorialweb.com.ar\/web\/?p=54475"},"modified":"2023-06-22T03:13:43","modified_gmt":"2023-06-22T03:13:43","slug":"central-cordoba-empato-sin-goles-ante-gimnasia-de-la-plata","status":"publish","type":"post","link":"https:\/\/elterritorialweb.com.ar\/web\/central-cordoba-empato-sin-goles-ante-gimnasia-de-la-plata\/","title":{"rendered":"CENTRAL C\u00d3RDOBA EMPAT\u00d3 SIN GOLES ANTE GIMNASIA DE LA PLATA"},"content":{"rendered":"\n<p>El Central C\u00f3rdoba se present\u00f3 esta noche, en su cancha,  ante Gimnasia de La Plata, en un partido termin\u00f3 en empate sin goles por nueva fecha de la Liga Profesional, donde tuvo a Mansilla y Durso como las figuras del encuentro.<\/p>\n\n\n\n<figure class=\"wp-block-image size-large\"><a href=\"https:\/\/i0.wp.com\/elterritorialweb.com.ar\/web\/wp-content\/uploads\/2023\/06\/WhatsApp-Image-2023-06-21-at-22.30.58.jpeg\"><img data-recalc-dims=\"1\" decoding=\"async\" width=\"640\" height=\"426\" data-src=\"https:\/\/i0.wp.com\/elterritorialweb.com.ar\/web\/wp-content\/uploads\/2023\/06\/WhatsApp-Image-2023-06-21-at-22.30.58.jpeg?resize=640%2C426\" alt=\"\" class=\"wp-image-54482 lazyload\" data-srcset=\"https:\/\/i0.wp.com\/elterritorialweb.com.ar\/web\/wp-content\/uploads\/2023\/06\/WhatsApp-Image-2023-06-21-at-22.30.58.jpeg?resize=1024%2C682&amp;ssl=1 1024w, https:\/\/i0.wp.com\/elterritorialweb.com.ar\/web\/wp-content\/uploads\/2023\/06\/WhatsApp-Image-2023-06-21-at-22.30.58.jpeg?resize=300%2C200&amp;ssl=1 300w, https:\/\/i0.wp.com\/elterritorialweb.com.ar\/web\/wp-content\/uploads\/2023\/06\/WhatsApp-Image-2023-06-21-at-22.30.58.jpeg?resize=768%2C512&amp;ssl=1 768w, https:\/\/i0.wp.com\/elterritorialweb.com.ar\/web\/wp-content\/uploads\/2023\/06\/WhatsApp-Image-2023-06-21-at-22.30.58.jpeg?resize=1536%2C1023&amp;ssl=1 1536w, https:\/\/i0.wp.com\/elterritorialweb.com.ar\/web\/wp-content\/uploads\/2023\/06\/WhatsApp-Image-2023-06-21-at-22.30.58.jpeg?w=1600&amp;ssl=1 1600w, https:\/\/i0.wp.com\/elterritorialweb.com.ar\/web\/wp-content\/uploads\/2023\/06\/WhatsApp-Image-2023-06-21-at-22.30.58.jpeg?w=1280 1280w\" data-sizes=\"(max-width: 640px) 100vw, 640px\" src=\"data:image\/svg+xml;base64,PHN2ZyB3aWR0aD0iMSIgaGVpZ2h0PSIxIiB4bWxucz0iaHR0cDovL3d3dy53My5vcmcvMjAwMC9zdmciPjwvc3ZnPg==\" style=\"--smush-placeholder-width: 640px; --smush-placeholder-aspect-ratio: 640\/426;\" \/><\/a><\/figure>\n\n\n\n<p>El\u00a0<strong>Ferro<\/strong>, que no mostr\u00f3 su mejor versi\u00f3n ante un rival que termin\u00f3 haciendo su negocio en Santiago del Estero, avis\u00f3 sobre los 19 minutos con un remate de<strong>\u00a0Lucas Besozzi<\/strong>\u00a0que se fue por encima del travesa\u00f1o.<\/p>\n\n\n\n<p>El elenco dirigido por\u00a0<strong>Madel\u00f3n<\/strong>, que llegaba a este partido con las bajas por lesi\u00f3n de<strong>\u00a0Gustavo Canto y Jes\u00fas Soraire<\/strong>, sufr\u00eda la salida de<strong>\u00a0Marcelo Ben\u00edtez,<\/strong>\u00a0quien fue reemplazado en el primer tiempo por\u00a0<strong>Jos\u00e9 G\u00f3mez.<\/strong><\/p>\n\n\n\n<figure class=\"wp-block-image size-large\"><a href=\"https:\/\/i0.wp.com\/elterritorialweb.com.ar\/web\/wp-content\/uploads\/2023\/06\/WhatsApp-Image-2023-06-21-at-22.31.18.jpeg\"><img data-recalc-dims=\"1\" decoding=\"async\" width=\"640\" height=\"537\" data-src=\"https:\/\/i0.wp.com\/elterritorialweb.com.ar\/web\/wp-content\/uploads\/2023\/06\/WhatsApp-Image-2023-06-21-at-22.31.18.jpeg?resize=640%2C537\" alt=\"\" class=\"wp-image-54481 lazyload\" data-srcset=\"https:\/\/i0.wp.com\/elterritorialweb.com.ar\/web\/wp-content\/uploads\/2023\/06\/WhatsApp-Image-2023-06-21-at-22.31.18.jpeg?resize=1024%2C859&amp;ssl=1 1024w, https:\/\/i0.wp.com\/elterritorialweb.com.ar\/web\/wp-content\/uploads\/2023\/06\/WhatsApp-Image-2023-06-21-at-22.31.18.jpeg?resize=300%2C252&amp;ssl=1 300w, https:\/\/i0.wp.com\/elterritorialweb.com.ar\/web\/wp-content\/uploads\/2023\/06\/WhatsApp-Image-2023-06-21-at-22.31.18.jpeg?resize=768%2C644&amp;ssl=1 768w, https:\/\/i0.wp.com\/elterritorialweb.com.ar\/web\/wp-content\/uploads\/2023\/06\/WhatsApp-Image-2023-06-21-at-22.31.18.jpeg?resize=1536%2C1288&amp;ssl=1 1536w, https:\/\/i0.wp.com\/elterritorialweb.com.ar\/web\/wp-content\/uploads\/2023\/06\/WhatsApp-Image-2023-06-21-at-22.31.18.jpeg?w=1600&amp;ssl=1 1600w, https:\/\/i0.wp.com\/elterritorialweb.com.ar\/web\/wp-content\/uploads\/2023\/06\/WhatsApp-Image-2023-06-21-at-22.31.18.jpeg?w=1280 1280w\" data-sizes=\"(max-width: 640px) 100vw, 640px\" src=\"data:image\/svg+xml;base64,PHN2ZyB3aWR0aD0iMSIgaGVpZ2h0PSIxIiB4bWxucz0iaHR0cDovL3d3dy53My5vcmcvMjAwMC9zdmciPjwvc3ZnPg==\" style=\"--smush-placeholder-width: 640px; --smush-placeholder-aspect-ratio: 640\/537;\" \/><\/a><\/figure>\n\n\n\n<p><strong>Gimnasia&nbsp;<\/strong>contest\u00f3 con un remate d\u00e9bil de&nbsp;<strong>Lescano&nbsp;<\/strong>que fue controlado f\u00e1cilmente por&nbsp;<strong>Mansilla<\/strong>, en una jugada en la que el&nbsp;<strong>Lobo&nbsp;<\/strong>reclam\u00f3 penal.&nbsp;<\/p>\n\n\n\n<p>Ya en el complemento,&nbsp;<strong>Maciel&nbsp;<\/strong>avisaba con un remate de media distancia que encontr\u00f3 bien ubicado al golero visitante&nbsp;<strong>Durso<\/strong>.&nbsp;<\/p>\n\n\n\n<figure class=\"wp-block-image size-large\"><a href=\"https:\/\/i0.wp.com\/elterritorialweb.com.ar\/web\/wp-content\/uploads\/2023\/06\/WhatsApp-Image-2023-06-21-at-22.31.20-1.jpeg\"><img data-recalc-dims=\"1\" decoding=\"async\" width=\"640\" height=\"444\" data-src=\"https:\/\/i0.wp.com\/elterritorialweb.com.ar\/web\/wp-content\/uploads\/2023\/06\/WhatsApp-Image-2023-06-21-at-22.31.20-1.jpeg?resize=640%2C444\" alt=\"\" class=\"wp-image-54477 lazyload\" data-srcset=\"https:\/\/i0.wp.com\/elterritorialweb.com.ar\/web\/wp-content\/uploads\/2023\/06\/WhatsApp-Image-2023-06-21-at-22.31.20-1.jpeg?resize=1024%2C710&amp;ssl=1 1024w, https:\/\/i0.wp.com\/elterritorialweb.com.ar\/web\/wp-content\/uploads\/2023\/06\/WhatsApp-Image-2023-06-21-at-22.31.20-1.jpeg?resize=300%2C208&amp;ssl=1 300w, https:\/\/i0.wp.com\/elterritorialweb.com.ar\/web\/wp-content\/uploads\/2023\/06\/WhatsApp-Image-2023-06-21-at-22.31.20-1.jpeg?resize=768%2C533&amp;ssl=1 768w, https:\/\/i0.wp.com\/elterritorialweb.com.ar\/web\/wp-content\/uploads\/2023\/06\/WhatsApp-Image-2023-06-21-at-22.31.20-1.jpeg?w=1386&amp;ssl=1 1386w, https:\/\/i0.wp.com\/elterritorialweb.com.ar\/web\/wp-content\/uploads\/2023\/06\/WhatsApp-Image-2023-06-21-at-22.31.20-1.jpeg?w=1280 1280w\" data-sizes=\"(max-width: 640px) 100vw, 640px\" src=\"data:image\/svg+xml;base64,PHN2ZyB3aWR0aD0iMSIgaGVpZ2h0PSIxIiB4bWxucz0iaHR0cDovL3d3dy53My5vcmcvMjAwMC9zdmciPjwvc3ZnPg==\" style=\"--smush-placeholder-width: 640px; --smush-placeholder-aspect-ratio: 640\/444;\" \/><\/a><\/figure>\n\n\n\n<p>Una de las m\u00e1s claras que tuvo el Ferro fue en el minuto 32, cuando&nbsp;<strong>Pitt\u00f3n&nbsp;<\/strong>qued\u00f3 frente a&nbsp;<strong>Durso<\/strong>, pero en el duelo volvi\u00f3 a ganar el arquero del Lobo.<\/p>\n\n\n\n<p><strong>Gimnasia&nbsp;<\/strong>tambi\u00e9n pudo haberse puesto en ventaja con un disparo de&nbsp;<strong>Ram\u00edrez&nbsp;<\/strong>que salv\u00f3&nbsp;<strong>Go\u00f1i&nbsp;<\/strong>dentro del \u00e1rea.&nbsp;<\/p>\n\n\n\n<figure class=\"wp-block-image size-large\"><a href=\"https:\/\/i0.wp.com\/elterritorialweb.com.ar\/web\/wp-content\/uploads\/2023\/06\/WhatsApp-Image-2023-06-21-at-22.31.18-1.jpeg\"><img data-recalc-dims=\"1\" decoding=\"async\" width=\"640\" height=\"463\" data-src=\"https:\/\/i0.wp.com\/elterritorialweb.com.ar\/web\/wp-content\/uploads\/2023\/06\/WhatsApp-Image-2023-06-21-at-22.31.18-1.jpeg?resize=640%2C463\" alt=\"\" class=\"wp-image-54480 lazyload\" data-srcset=\"https:\/\/i0.wp.com\/elterritorialweb.com.ar\/web\/wp-content\/uploads\/2023\/06\/WhatsApp-Image-2023-06-21-at-22.31.18-1.jpeg?resize=1024%2C741&amp;ssl=1 1024w, https:\/\/i0.wp.com\/elterritorialweb.com.ar\/web\/wp-content\/uploads\/2023\/06\/WhatsApp-Image-2023-06-21-at-22.31.18-1.jpeg?resize=300%2C217&amp;ssl=1 300w, https:\/\/i0.wp.com\/elterritorialweb.com.ar\/web\/wp-content\/uploads\/2023\/06\/WhatsApp-Image-2023-06-21-at-22.31.18-1.jpeg?resize=768%2C556&amp;ssl=1 768w, https:\/\/i0.wp.com\/elterritorialweb.com.ar\/web\/wp-content\/uploads\/2023\/06\/WhatsApp-Image-2023-06-21-at-22.31.18-1.jpeg?resize=1536%2C1112&amp;ssl=1 1536w, https:\/\/i0.wp.com\/elterritorialweb.com.ar\/web\/wp-content\/uploads\/2023\/06\/WhatsApp-Image-2023-06-21-at-22.31.18-1.jpeg?w=1600&amp;ssl=1 1600w, https:\/\/i0.wp.com\/elterritorialweb.com.ar\/web\/wp-content\/uploads\/2023\/06\/WhatsApp-Image-2023-06-21-at-22.31.18-1.jpeg?w=1280 1280w\" data-sizes=\"(max-width: 640px) 100vw, 640px\" src=\"data:image\/svg+xml;base64,PHN2ZyB3aWR0aD0iMSIgaGVpZ2h0PSIxIiB4bWxucz0iaHR0cDovL3d3dy53My5vcmcvMjAwMC9zdmciPjwvc3ZnPg==\" style=\"--smush-placeholder-width: 640px; --smush-placeholder-aspect-ratio: 640\/463;\" \/><\/a><\/figure>\n\n\n\n<p>Y a los 35,&nbsp;<strong>Central C\u00f3rdoba<\/strong>&nbsp;desperdici\u00f3 otra chance clar\u00edsima para quedarse con los tres puntos, cuando&nbsp;<strong>Gamba&nbsp;<\/strong>habilit\u00f3 de gran forma a&nbsp;<strong>Farioli<\/strong>, pero este fall\u00f3 ante la figura de&nbsp;<strong>Durso<\/strong>, que volv\u00eda a ahogar el grito de gol ferroviario.<\/p>\n\n\n\n<p>A dos minutos del final, la visita estuvo cerca de llevarse el premio mayor con un remate de\u00a0<strong>Bautista Barros Schelotto\u00a0<\/strong>que se fue apenas desviado.<\/p>\n\n\n\n<figure class=\"wp-block-embed is-type-video is-provider-youtube wp-block-embed-youtube wp-embed-aspect-16-9 wp-has-aspect-ratio\"><div class=\"wp-block-embed__wrapper\">\n<iframe title=\"\u00a1EL FERROVIARIO Y EL LOBO IGUALARON EN SANTIAGO DEL ESTERO! | Central C\u00f3rdoba 0-0 Gimnasia | RESUMEN\" width=\"640\" height=\"360\" data-src=\"https:\/\/www.youtube.com\/embed\/Di2y5c9muEc?feature=oembed\" frameborder=\"0\" allow=\"accelerometer; autoplay; clipboard-write; encrypted-media; gyroscope; picture-in-picture; web-share\" referrerpolicy=\"strict-origin-when-cross-origin\" allowfullscreen src=\"data:image\/svg+xml;base64,PHN2ZyB3aWR0aD0iMSIgaGVpZ2h0PSIxIiB4bWxucz0iaHR0cDovL3d3dy53My5vcmcvMjAwMC9zdmciPjwvc3ZnPg==\" class=\"lazyload\" data-load-mode=\"1\"><\/iframe>\n<\/div><\/figure>\n","protected":false},"excerpt":{"rendered":"<p>El ferroviario no pudo con el Lobo Platense en el Terrera por la fecha 21 de la Liga Profesional.<\/p>\n","protected":false},"author":2,"featured_media":54478,"comment_status":"open","ping_status":"open","sticky":false,"template":"","format":"standard","meta":{"om_disable_all_campaigns":false,"_monsterinsights_skip_tracking":false,"_monsterinsights_sitenote_active":false,"_monsterinsights_sitenote_note":"","_monsterinsights_sitenote_category":0,"_uf_show_specific_survey":0,"_uf_disable_surveys":false,"jetpack_post_was_ever_published":false,"_jetpack_newsletter_access":"","_jetpack_dont_email_post_to_subs":false,"_jetpack_newsletter_tier_id":0,"_jetpack_memberships_contains_paywalled_content":false,"_jetpack_memberships_contains_paid_content":false,"footnotes":"","jetpack_publicize_message":"","jetpack_publicize_feature_enabled":true,"jetpack_social_post_already_shared":true,"jetpack_social_options":{"image_generator_settings":{"template":"highway","default_image_id":0,"font":"","enabled":false},"version":2}},"categories":[6,4],"tags":[],"class_list":["post-54475","post","type-post","status-publish","format-standard","has-post-thumbnail","hentry","category-deportes","category-destacadas"],"aioseo_notices":[],"views":14,"jetpack_publicize_connections":[],"jetpack_featured_media_url":"https:\/\/i0.wp.com\/elterritorialweb.com.ar\/web\/wp-content\/uploads\/2023\/06\/WhatsApp-Image-2023-06-21-at-22.31.20.jpeg?fit=1600%2C1000&ssl=1","jetpack_sharing_enabled":true,"_links":{"self":[{"href":"https:\/\/elterritorialweb.com.ar\/web\/wp-json\/wp\/v2\/posts\/54475","targetHints":{"allow":["GET"]}}],"collection":[{"href":"https:\/\/elterritorialweb.com.ar\/web\/wp-json\/wp\/v2\/posts"}],"about":[{"href":"https:\/\/elterritorialweb.com.ar\/web\/wp-json\/wp\/v2\/types\/post"}],"author":[{"embeddable":true,"href":"https:\/\/elterritorialweb.com.ar\/web\/wp-json\/wp\/v2\/users\/2"}],"replies":[{"embeddable":true,"href":"https:\/\/elterritorialweb.com.ar\/web\/wp-json\/wp\/v2\/comments?post=54475"}],"version-history":[{"count":3,"href":"https:\/\/elterritorialweb.com.ar\/web\/wp-json\/wp\/v2\/posts\/54475\/revisions"}],"predecessor-version":[{"id":54490,"href":"https:\/\/elterritorialweb.com.ar\/web\/wp-json\/wp\/v2\/posts\/54475\/revisions\/54490"}],"wp:featuredmedia":[{"embeddable":true,"href":"https:\/\/elterritorialweb.com.ar\/web\/wp-json\/wp\/v2\/media\/54478"}],"wp:attachment":[{"href":"https:\/\/elterritorialweb.com.ar\/web\/wp-json\/wp\/v2\/media?parent=54475"}],"wp:term":[{"taxonomy":"category","embeddable":true,"href":"https:\/\/elterritorialweb.com.ar\/web\/wp-json\/wp\/v2\/categories?post=54475"},{"taxonomy":"post_tag","embeddable":true,"href":"https:\/\/elterritorialweb.com.ar\/web\/wp-json\/wp\/v2\/tags?post=54475"}],"curies":[{"name":"wp","href":"https:\/\/api.w.org\/{rel}","templated":true}]}}