{"id":54485,"date":"2023-06-22T03:01:47","date_gmt":"2023-06-22T03:01:47","guid":{"rendered":"http:\/\/elterritorialweb.com.ar\/web\/?p=54485"},"modified":"2023-06-22T03:02:53","modified_gmt":"2023-06-22T03:02:53","slug":"el-gobierno-postergo-el-pago-al-fmi","status":"publish","type":"post","link":"https:\/\/elterritorialweb.com.ar\/web\/el-gobierno-postergo-el-pago-al-fmi\/","title":{"rendered":"EL GOBIERNO POSTERG\u00d3 EL PAGO AL FMI: LOS MOTIVOS"},"content":{"rendered":"\n<p><strong>El Gobierno posterg\u00f3 para el lunes pr\u00f3ximo el pago al Fondo Monetario Internacional (FMI) de los vencimientos correspondientes a los d\u00edas mi\u00e9rcoles y jueves de esta semana<\/strong>\u00a0y as\u00ed poder avanzar en un acuerdo con el organismo respecto de los desembolsos que restan hasta fin de 2023.<\/p>\n\n\n\n<p>Seg\u00fan inform\u00f3 la agencia\u00a0<em>Noticias Argentinas<\/em>, el Ministerio de Econom\u00eda \u00abutilizar\u00e1 un procedimiento para pagar el pr\u00f3ximo lunes,\u00a0<strong>de manera parcial<\/strong>, el pago de vencimientos a Washington, algo que hab\u00eda sido anticipado al organismo hace un par de semanas como una alternativa\u00bb.<\/p>\n\n\n\n<p>Este mi\u00e9rcoles y jueves 21 y 22 de junio eran las fechas previstas por el programa con el FMI para ejecutar el pago del vencimiento m\u00e1s oneroso del trimestre, de&nbsp;<strong>u$s921 millones<\/strong>&nbsp;y de&nbsp;<strong>u$s1.779 millones<\/strong>, respectivamente.<\/p>\n\n\n\n<p>Fuentes oficiales dejaron trascender, seg\u00fan&nbsp;<em>Noticias Argentinas<\/em>, que \u00abcomo la negociaci\u00f3n todav\u00eda est\u00e1 abierta no se plante\u00f3 sobre la mesa un pago completo de esas obligaciones sino que&nbsp;<strong>se har\u00e1 un pago parcial<\/strong>\u00bb y que \u00ab<strong>el resto se cancelar\u00eda m\u00e1s adelante<\/strong>, cuando el desembolso se haya ejecutado\u00bb.<\/p>\n\n\n\n<p>Econom\u00eda envi\u00f3 al FMI una propuesta de pago unificado a fin de mes, en lugar del pago desdoblado, sobre la que esperan una respuesta del organismo para este jueves. En caso de que el organismo acepte el pedido de Econom\u00eda habr\u00e1 una segunda solicitud que plantear\u00e1 hacer un anticipo de ese giro de divisas a Washington, calculado en unos u$s1.900 millones, que tendr\u00eda lugar el pr\u00f3ximo lunes.<\/p>\n","protected":false},"excerpt":{"rendered":"<p>El Ministerio de Econom\u00eda utilizar\u00e1 un procedimiento para pagar de manera parcial los vencimientos de esta semana, que suman u$s2.700 millones, mientras avanza en un acuerdo con el organismo respecto de los futuros desembolsos.<\/p>\n","protected":false},"author":2,"featured_media":54486,"comment_status":"open","ping_status":"open","sticky":false,"template":"","format":"standard","meta":{"om_disable_all_campaigns":false,"_monsterinsights_skip_tracking":false,"_monsterinsights_sitenote_active":false,"_monsterinsights_sitenote_note":"","_monsterinsights_sitenote_category":0,"_uf_show_specific_survey":0,"_uf_disable_surveys":false,"jetpack_post_was_ever_published":false,"_jetpack_newsletter_access":"","_jetpack_dont_email_post_to_subs":false,"_jetpack_newsletter_tier_id":0,"_jetpack_memberships_contains_paywalled_content":false,"_jetpack_memberships_contains_paid_content":false,"footnotes":"","jetpack_publicize_message":"","jetpack_publicize_feature_enabled":true,"jetpack_social_post_already_shared":true,"jetpack_social_options":{"image_generator_settings":{"template":"highway","default_image_id":0,"font":"","enabled":false},"version":2}},"categories":[2],"tags":[321,68],"class_list":["post-54485","post","type-post","status-publish","format-standard","has-post-thumbnail","hentry","category-economia","tag-fondo-monetario-internacional-fmi","tag-sergio-massa"],"aioseo_notices":[],"views":10,"jetpack_publicize_connections":[],"jetpack_featured_media_url":"https:\/\/i0.wp.com\/elterritorialweb.com.ar\/web\/wp-content\/uploads\/2023\/06\/Massa-FMI.jpg?fit=1920%2C1080&ssl=1","jetpack_sharing_enabled":true,"_links":{"self":[{"href":"https:\/\/elterritorialweb.com.ar\/web\/wp-json\/wp\/v2\/posts\/54485","targetHints":{"allow":["GET"]}}],"collection":[{"href":"https:\/\/elterritorialweb.com.ar\/web\/wp-json\/wp\/v2\/posts"}],"about":[{"href":"https:\/\/elterritorialweb.com.ar\/web\/wp-json\/wp\/v2\/types\/post"}],"author":[{"embeddable":true,"href":"https:\/\/elterritorialweb.com.ar\/web\/wp-json\/wp\/v2\/users\/2"}],"replies":[{"embeddable":true,"href":"https:\/\/elterritorialweb.com.ar\/web\/wp-json\/wp\/v2\/comments?post=54485"}],"version-history":[{"count":2,"href":"https:\/\/elterritorialweb.com.ar\/web\/wp-json\/wp\/v2\/posts\/54485\/revisions"}],"predecessor-version":[{"id":54488,"href":"https:\/\/elterritorialweb.com.ar\/web\/wp-json\/wp\/v2\/posts\/54485\/revisions\/54488"}],"wp:featuredmedia":[{"embeddable":true,"href":"https:\/\/elterritorialweb.com.ar\/web\/wp-json\/wp\/v2\/media\/54486"}],"wp:attachment":[{"href":"https:\/\/elterritorialweb.com.ar\/web\/wp-json\/wp\/v2\/media?parent=54485"}],"wp:term":[{"taxonomy":"category","embeddable":true,"href":"https:\/\/elterritorialweb.com.ar\/web\/wp-json\/wp\/v2\/categories?post=54485"},{"taxonomy":"post_tag","embeddable":true,"href":"https:\/\/elterritorialweb.com.ar\/web\/wp-json\/wp\/v2\/tags?post=54485"}],"curies":[{"name":"wp","href":"https:\/\/api.w.org\/{rel}","templated":true}]}}